{"id":61045,"date":"2024-11-15T13:19:17","date_gmt":"2024-11-15T16:19:17","guid":{"rendered":"https:\/\/pinews.com.br\/?p=61045"},"modified":"2024-11-15T13:19:19","modified_gmt":"2024-11-15T16:19:19","slug":"motociclista-morre-apos-ser-atingido-por-carro-e-arremessado-em-ribanceira-no-interior-do-piaui","status":"publish","type":"post","link":"https:\/\/pinews.com.br\/index.php\/2024\/11\/15\/motociclista-morre-apos-ser-atingido-por-carro-e-arremessado-em-ribanceira-no-interior-do-piaui\/","title":{"rendered":"Motociclista morre ap\u00f3s ser atingido por carro e arremessado em ribanceira no interior do Piau\u00ed"},"content":{"rendered":"\n<p>Na manh\u00e3 desta sexta-feira (15\/11), feriado da Proclama\u00e7\u00e3o da Rep\u00fablica, um motociclista morreu ap\u00f3s ser atingido por um carro e arremessado em uma ribanceira na BR-343, entre os munic\u00edpios de Campo Maior e Piripiri, no Piau\u00ed. A v\u00edtima foi identificada como Le\u00f4nida Nunes Melo, de 67 anos.<\/p>\n\n\n\n<p>Segundo informa\u00e7\u00f5es, o corpo de Le\u00f4nida foi encontrado por populares na regi\u00e3o do Riacho das Pintadas, por volta das 5h. Eles acionaram a Pol\u00edcia Rodovi\u00e1ria Federal (PRF), a Pol\u00edcia Civil do Piau\u00ed e o Instituto M\u00e9dico Legal (IML), que se deslocaram ao local.<\/p>\n\n\n\n<p>O acidente ocorreu quando um carro colidiu na traseira da motocicleta conduzida por Le\u00f4nida. O impacto fez com que ele perdesse o controle e ca\u00edsse na ribanceira, resultando em sua morte. At\u00e9 o momento, n\u00e3o h\u00e1 informa\u00e7\u00f5es sobre o motorista do ve\u00edculo envolvido no acidente.<\/p>\n\n\n\n<p><strong>Fonte:\u00a0Portal IG Not\u00edcia<\/strong><\/p>\n","protected":false},"excerpt":{"rendered":"<p>Na manh\u00e3 desta sexta-feira (15\/11), feriado da Proclama\u00e7\u00e3o da Rep\u00fablica, um motociclista morreu ap\u00f3s ser atingido por um carro e arremessado em uma ribanceira na BR-343, entre os munic\u00edpios de Campo Maior e Piripiri, no Piau\u00ed. A v\u00edtima foi identificada como Le\u00f4nida Nunes Melo, de 67 anos. Segundo informa\u00e7\u00f5es, o corpo de Le\u00f4nida foi encontrado [&hellip;]<\/p>\n","protected":false},"author":4,"featured_media":61046,"comment_status":"open","ping_status":"open","sticky":false,"template":"","format":"standard","meta":{"beyondwords_generate_audio":"","beyondwords_project_id":"","beyondwords_podcast_id":"","beyondwords_hash":"","beyondwords_error_message":"","beyondwords_disabled":"","publish_post_to_speechkit":"","speechkit_generate_audio":"","speechkit_project_id":"","speechkit_podcast_id":"","speechkit_hash":"","speechkit_error_message":"","speechkit_disabled":"","speechkit_access_key":"","speechkit_error":"","speechkit_info":"","speechkit_response":"","speechkit_retries":"","_speechkit_link":"","_speechkit_text":""},"categories":[51],"tags":[70,440,327,62,46,716,119,296,52,59,452,139],"jetpack_featured_media_url":"https:\/\/pinews.com.br\/wp-content\/uploads\/2024\/11\/imagem_2024-11-15_090754166_225097803216002826.png","_links":{"self":[{"href":"https:\/\/pinews.com.br\/index.php\/wp-json\/wp\/v2\/posts\/61045"}],"collection":[{"href":"https:\/\/pinews.com.br\/index.php\/wp-json\/wp\/v2\/posts"}],"about":[{"href":"https:\/\/pinews.com.br\/index.php\/wp-json\/wp\/v2\/types\/post"}],"author":[{"embeddable":true,"href":"https:\/\/pinews.com.br\/index.php\/wp-json\/wp\/v2\/users\/4"}],"replies":[{"embeddable":true,"href":"https:\/\/pinews.com.br\/index.php\/wp-json\/wp\/v2\/comments?post=61045"}],"version-history":[{"count":1,"href":"https:\/\/pinews.com.br\/index.php\/wp-json\/wp\/v2\/posts\/61045\/revisions"}],"predecessor-version":[{"id":61047,"href":"https:\/\/pinews.com.br\/index.php\/wp-json\/wp\/v2\/posts\/61045\/revisions\/61047"}],"wp:featuredmedia":[{"embeddable":true,"href":"https:\/\/pinews.com.br\/index.php\/wp-json\/wp\/v2\/media\/61046"}],"wp:attachment":[{"href":"https:\/\/pinews.com.br\/index.php\/wp-json\/wp\/v2\/media?parent=61045"}],"wp:term":[{"taxonomy":"category","embeddable":true,"href":"https:\/\/pinews.com.br\/index.php\/wp-json\/wp\/v2\/categories?post=61045"},{"taxonomy":"post_tag","embeddable":true,"href":"https:\/\/pinews.com.br\/index.php\/wp-json\/wp\/v2\/tags?post=61045"}],"curies":[{"name":"wp","href":"https:\/\/api.w.org\/{rel}","templated":true}]}}