{"id":61115,"date":"2024-11-21T18:01:27","date_gmt":"2024-11-21T21:01:27","guid":{"rendered":"https:\/\/pinews.com.br\/?p=61115"},"modified":"2024-11-21T18:01:30","modified_gmt":"2024-11-21T21:01:30","slug":"irmaos-que-morreram-carbonizados-em-acidente-de-carro-no-piaui-sao-sepultados-no-mesmo-caixao","status":"publish","type":"post","link":"https:\/\/pinews.com.br\/index.php\/2024\/11\/21\/irmaos-que-morreram-carbonizados-em-acidente-de-carro-no-piaui-sao-sepultados-no-mesmo-caixao\/","title":{"rendered":"Irm\u00e3os que morreram carbonizados em acidente de carro no Piau\u00ed s\u00e3o sepultados no mesmo caix\u00e3o"},"content":{"rendered":"\n<p>Os corpos da fam\u00edlia que morreu carbonizada ap\u00f3s acidente entre um carro de passeio e uma carrega na BR 343, na altura do munic\u00edpio de Angical, foram sepultados na manh\u00e3 de hoje (21) na cidade de Altos.<\/p>\n\n\n\n<p>O vel\u00f3rio do casal John Wesley Viana e Francisca Maria Ferreira, e os dois filhos deles, Enzo Gabriel (13 anos) e Maria Isis Ferreira (6 anos) foi realizado na Igreja de S\u00e3o Jos\u00e9 dos Altos. Os corpos foram liberados ainda na noite de ontem (20). O sepultamento aconteceu na manh\u00e3 desta quinta-feira (21), tamb\u00e9m na cidade de Altos. John havia viajado para Altos na companhia da fam\u00edlia para participar do vel\u00f3rio de av\u00f4. Na viagem de volta, para a cidade de Guadalupe onde a fam\u00edlia residia, um grave acidente resultou na morte dos quatro.<\/p>\n\n\n\n<p>Na igreja, os tr\u00eas caix\u00f5es foram colocados, lado a lado, diante do altar para a \u00faltima despedida de familiares e amigos.\u00a0As duas crian\u00e7as, de 13 e 6 anos, que estavam no banco de tr\u00e1s do ve\u00edculo no momento do acidente, foram veladas e sepultadas no mesmo caix\u00e3o.<\/p>\n\n\n\n<p>Segundo a Pol\u00edcia Rodovi\u00e1ria Federal (PRF), o carro de passeio e a carreta colidiram de frente. Com o impacto, o motorista da carreta perdeu o controle e tombou o ve\u00edculo de carga \u00e0s margens da rodovia. J\u00e1 o carro da fam\u00edlia pegou fogo.\u00a0Nenhum dos quatro ocupantes do carro teve tempo para sair do carro e foram carbonizados.<\/p>\n\n\n\n<figure class=\"wp-block-image\"><img decoding=\"async\" src=\"https:\/\/cidadeverde.com\/assets\/uploads\/noticias\/f8a98f7e16a1a0081e0820e403446cbf.jpg\" alt=\"\"\/><figcaption class=\"wp-element-caption\"><em>Foto: Pol\u00edcia Rodovi\u00e1ria Federal<\/em><\/figcaption><\/figure>\n\n\n\n<p>O relat\u00f3rio preliminar da PRF mostrou que o motorista da carreta n\u00e3o bebeu antes de dirigir. Agora, a per\u00edcia deve mostrar qual dos dois ve\u00edculos provocou o acidente. Inicialmente, a causa seria uma falta de rea\u00e7\u00e3o dos condutores. No local n\u00e3o foram encontradas marcas de frenagem.<\/p>\n\n\n\n<p><strong>Fonte: Adriana Magalh\u00e3es\/ Cidade Verde <\/strong><\/p>\n","protected":false},"excerpt":{"rendered":"<p>Os corpos da fam\u00edlia que morreu carbonizada ap\u00f3s acidente entre um carro de passeio e uma carrega na BR 343, na altura do munic\u00edpio de Angical, foram sepultados na manh\u00e3 de hoje (21) na cidade de Altos. O vel\u00f3rio do casal John Wesley Viana e Francisca Maria Ferreira, e os dois filhos deles, Enzo Gabriel [&hellip;]<\/p>\n","protected":false},"author":4,"featured_media":61098,"comment_status":"open","ping_status":"open","sticky":false,"template":"","format":"standard","meta":{"beyondwords_generate_audio":"","beyondwords_project_id":"","beyondwords_podcast_id":"","beyondwords_hash":"","beyondwords_error_message":"","beyondwords_disabled":"","publish_post_to_speechkit":"","speechkit_generate_audio":"","speechkit_project_id":"","speechkit_podcast_id":"","speechkit_hash":"","speechkit_error_message":"","speechkit_disabled":"","speechkit_access_key":"","speechkit_error":"","speechkit_info":"","speechkit_response":"","speechkit_retries":"","_speechkit_link":"","_speechkit_text":""},"categories":[51],"tags":[176,8146,1258,62,44,46,1045,6085,5401,52,362,12461],"jetpack_featured_media_url":"https:\/\/pinews.com.br\/wp-content\/uploads\/2024\/11\/whatsapp-image-2024-11-20-at-10.53.54.jpeg","_links":{"self":[{"href":"https:\/\/pinews.com.br\/index.php\/wp-json\/wp\/v2\/posts\/61115"}],"collection":[{"href":"https:\/\/pinews.com.br\/index.php\/wp-json\/wp\/v2\/posts"}],"about":[{"href":"https:\/\/pinews.com.br\/index.php\/wp-json\/wp\/v2\/types\/post"}],"author":[{"embeddable":true,"href":"https:\/\/pinews.com.br\/index.php\/wp-json\/wp\/v2\/users\/4"}],"replies":[{"embeddable":true,"href":"https:\/\/pinews.com.br\/index.php\/wp-json\/wp\/v2\/comments?post=61115"}],"version-history":[{"count":1,"href":"https:\/\/pinews.com.br\/index.php\/wp-json\/wp\/v2\/posts\/61115\/revisions"}],"predecessor-version":[{"id":61116,"href":"https:\/\/pinews.com.br\/index.php\/wp-json\/wp\/v2\/posts\/61115\/revisions\/61116"}],"wp:featuredmedia":[{"embeddable":true,"href":"https:\/\/pinews.com.br\/index.php\/wp-json\/wp\/v2\/media\/61098"}],"wp:attachment":[{"href":"https:\/\/pinews.com.br\/index.php\/wp-json\/wp\/v2\/media?parent=61115"}],"wp:term":[{"taxonomy":"category","embeddable":true,"href":"https:\/\/pinews.com.br\/index.php\/wp-json\/wp\/v2\/categories?post=61115"},{"taxonomy":"post_tag","embeddable":true,"href":"https:\/\/pinews.com.br\/index.php\/wp-json\/wp\/v2\/tags?post=61115"}],"curies":[{"name":"wp","href":"https:\/\/api.w.org\/{rel}","templated":true}]}}