{"id":61124,"date":"2024-11-23T00:41:38","date_gmt":"2024-11-23T03:41:38","guid":{"rendered":"https:\/\/pinews.com.br\/?p=61124"},"modified":"2024-11-23T00:41:40","modified_gmt":"2024-11-23T03:41:40","slug":"governo-anuncia-que-vai-cortar-r-6-bilhoes-de-gastos-para-cumprir-regra-fiscal","status":"publish","type":"post","link":"https:\/\/pinews.com.br\/index.php\/2024\/11\/23\/governo-anuncia-que-vai-cortar-r-6-bilhoes-de-gastos-para-cumprir-regra-fiscal\/","title":{"rendered":"Governo anuncia que vai cortar R$ 6 bilh\u00f5es de gastos para cumprir regra fiscal"},"content":{"rendered":"\n<p>A\u00a0equipe econ\u00f4mica do governo federal\u00a0anunciou nesta sexta-feira (22) que vai bloquear mais R$ 6 bilh\u00f5es em\u00a0gastos do Or\u00e7amento\u00a0deste ano para cumprir com o limite de despesas prim\u00e1rias exigido pelo arcabou\u00e7o fiscal. O valor do corte foi informado no relat\u00f3rio de Avalia\u00e7\u00e3o de Receitas e Despesas Prim\u00e1rias do 5\u00ba bimestre (setembro e outubro).<\/p>\n\n\n\n<p>Antes do bloqueio anunciado nesta sexta, o Executivo j\u00e1 tinha cortado R$ 13,3 bilh\u00f5es em gastos. O governo disse, contudo, que para cumprir com a regra fiscal em 2024, \u00e9 necess\u00e1rio cortar R$ 19,3 bilh\u00f5es do Or\u00e7amento deste ano. Por isso, mais R$ 6 bilh\u00f5es v\u00e3o ser bloqueados.<\/p>\n\n\n\n<p>Um dos motivos que exige o novo corte, segundo a equipe econ\u00f4mica, \u00e9 o aumento dos gastos com benef\u00edcios previdenci\u00e1rios, que cresceram quase R$ 7,7 bilh\u00f5es no bimestre analisado, sendo R$ 7,2 bilh\u00f5es em benef\u00edcios normais, R$ 336,5 milh\u00f5es em senten\u00e7as e R$ 101,6 milh\u00f5es na estimativa da Comprev (Compensa\u00e7\u00e3o Previdenci\u00e1ria).<\/p>\n\n\n\n<p>\u201cEssa varia\u00e7\u00e3o \u00e9 justificada pelo fato de o comportamento da despesa nos dois meses de execu\u00e7\u00e3o financeira decorridos desde o \u00faltimo relat\u00f3rio estar acima do anteriormente estimado, bem como altera\u00e7\u00f5es nas estimativas dos impactos econ\u00f4micos das a\u00e7\u00f5es de melhoria da gest\u00e3o de benef\u00edcios previdenci\u00e1rios&#8221;, destacou o relat\u00f3rio do governo.<\/p>\n\n\n\n<p><video preload=\"metadata\" poster=\"https:\/\/d22yf0mxeu0gma.cloudfront.net\/11-22-2024\/t_ec273bd9ebaf4ed9a76220aa1b77f967_name_sdvdm.PNG\" src=\"blob:https:\/\/noticias.r7.com\/400aeda6-ee2a-4054-8b15-0970c74b7cd7\"><\/p>\n\n\n\n<p><a href=\"https:\/\/noticias.r7.com\/record-news\/conexao-record-news\/video\/entenda-como-o-bloqueio-no-orcamento-de-2024-ajuda-a-cumprir-o-arcabouco-fiscal-22112024\/\">Entenda como o bloqueio no Or\u00e7amento de 2024 ajuda a cumprir o arcabou\u00e7o fiscal<\/a>por&nbsp;<a href=\"https:\/\/noticias.r7.com\/record-news\/conexao-record-news\">Bras\u00edlia<\/a>PlayMudoVoltar 10 segundosAvan\u00e7ar 10 segundos<\/p>\n\n\n\n<p>Loaded:&nbsp;4.35%<\/p>\n\n\n\n<p>Remaining Time&nbsp;-2:18VelocidadePicture-in-PictureFullscreenCompartilhar<\/p>\n\n\n\n<figure class=\"wp-block-image\"><img decoding=\"async\" src=\"https:\/\/sc.r7.com\/videojs\/logo-r7.svg\" alt=\"\"\/><\/figure>\n\n\n\n<h3>\u00c1reas afetadas<\/h3>\n\n\n\n<p>O relat\u00f3rio publicado nesta sexta diz que \u201co detalhamento, por \u00f3rg\u00e3o, do bloqueio no valor total de R$ 19,3 bilh\u00f5es constar\u00e1 de anexo ao Decreto de Programa\u00e7\u00e3o Or\u00e7ament\u00e1ria e Financeira a ser publicado no pr\u00f3ximo dia 29\/11\u2033.<\/p>\n\n\n\n<p>\u201cAp\u00f3s a publica\u00e7\u00e3o do decreto, os \u00f3rg\u00e3os ter\u00e3o at\u00e9 o dia 6\/12 para indicar as programa\u00e7\u00f5es a serem bloqueadas&#8221;, disse o governo.<\/p>\n\n\n\n<p>Segundo o Executivo, os cortes necess\u00e1rios para atender o limite de gastos s\u00f3 poder\u00e1 incidir sobre despesas discricion\u00e1rias gerais (gastos p\u00fablicos que n\u00e3o s\u00e3o obrigat\u00f3rios por lei e podem ser ajustados ou reduzidos a crit\u00e9rio do governo), sobre recursos do Novo PAC e sobre emendas de comiss\u00e3o, que s\u00e3o recursos indicados pelos colegiados permanentes do Congresso Nacional.<\/p>\n\n\n\n<p>A equipe econ\u00f4mica destacou que o bloqueio sobre as emendas de comiss\u00e3o deve acontecer na mesma propor\u00e7\u00e3o do conjunto das despesas discricion\u00e1rias.<\/p>\n\n\n\n<h3>Governo diz que n\u00e3o haver\u00e1 contingenciamento<\/h3>\n\n\n\n<p>O corte de R$ 6 bilh\u00f5es ser\u00e1 apenas um bloqueio de recursos, disse o governo, e n\u00e3o um contingenciamento. Os dois instrumentos geram um corte tempor\u00e1rio de despesas p\u00fablicas, mas a aplica\u00e7\u00e3o de cada um depende da situa\u00e7\u00e3o.<\/p>\n\n\n\n<p>Segundo o arcabou\u00e7o fiscal, o bloqueio acontece quando os gastos do governo superam 70% do crescimento da receita acima da infla\u00e7\u00e3o. O contingenciamento \u00e9 feito quando a arrecada\u00e7\u00e3o \u00e9 insuficiente para garantir o cumprimento da meta de resultado prim\u00e1rio, que representa o saldo das contas p\u00fablicas antes do pagamento dos juros da d\u00edvida.<\/p>\n\n\n\n<p>A equipe econ\u00f4mica estima um d\u00e9ficit de R$ 28,7 bilh\u00f5es para 2024, o que est\u00e1 dentro do limite inferior da meta definida pela LDO (Lei de Diretrizes Or\u00e7ament\u00e1rias) de 2024, que \u00e9 de d\u00e9ficit de R$ 28,8 bilh\u00f5es.<\/p>\n\n\n\n<p>\u201cO \u00a7 1\u00ba do art. 2\u00ba da LDO-2024 prev\u00ea intervalo de toler\u00e2ncia para a meta de resultado prim\u00e1rio variando entre d\u00e9ficit de R$ 28,8 bilh\u00f5es e super\u00e1vit de R$ 28,8 bilh\u00f5es. Tendo em vista que o d\u00e9ficit estimado no relat\u00f3rio, de R$ 28,7 bilh\u00f5es para 2024, n\u00e3o atinge o limite inferior da meta (d\u00e9ficit de R$ 28,8 bilh\u00f5es), n\u00e3o haver\u00e1 contingenciamento&#8221;, explicou o governo.<\/p>\n\n\n\n<p><strong>Fonte: R7<\/strong><\/p>\n","protected":false},"excerpt":{"rendered":"<p>A\u00a0equipe econ\u00f4mica do governo federal\u00a0anunciou nesta sexta-feira (22) que vai bloquear mais R$ 6 bilh\u00f5es em\u00a0gastos do Or\u00e7amento\u00a0deste ano para cumprir com o limite de despesas prim\u00e1rias exigido pelo arcabou\u00e7o fiscal. O valor do corte foi informado no relat\u00f3rio de Avalia\u00e7\u00e3o de Receitas e Despesas Prim\u00e1rias do 5\u00ba bimestre (setembro e outubro). Antes do bloqueio [&hellip;]<\/p>\n","protected":false},"author":1,"featured_media":61125,"comment_status":"open","ping_status":"open","sticky":false,"template":"","format":"standard","meta":{"beyondwords_generate_audio":"1","beyondwords_project_id":"","beyondwords_podcast_id":"","beyondwords_hash":"","beyondwords_error_message":"","beyondwords_disabled":"","publish_post_to_speechkit":"","speechkit_generate_audio":"","speechkit_project_id":"","speechkit_podcast_id":"","speechkit_hash":"","speechkit_error_message":"","speechkit_disabled":"","speechkit_access_key":"","speechkit_error":"","speechkit_info":"","speechkit_response":"","speechkit_retries":"","_speechkit_link":"","_speechkit_text":""},"categories":[1184,516,134],"tags":[3195,4237,5886,9094,44,1591,457,458,350,12462,1089],"jetpack_featured_media_url":"https:\/\/pinews.com.br\/wp-content\/uploads\/2024\/11\/Screenshot_4.png","_links":{"self":[{"href":"https:\/\/pinews.com.br\/index.php\/wp-json\/wp\/v2\/posts\/61124"}],"collection":[{"href":"https:\/\/pinews.com.br\/index.php\/wp-json\/wp\/v2\/posts"}],"about":[{"href":"https:\/\/pinews.com.br\/index.php\/wp-json\/wp\/v2\/types\/post"}],"author":[{"embeddable":true,"href":"https:\/\/pinews.com.br\/index.php\/wp-json\/wp\/v2\/users\/1"}],"replies":[{"embeddable":true,"href":"https:\/\/pinews.com.br\/index.php\/wp-json\/wp\/v2\/comments?post=61124"}],"version-history":[{"count":1,"href":"https:\/\/pinews.com.br\/index.php\/wp-json\/wp\/v2\/posts\/61124\/revisions"}],"predecessor-version":[{"id":61126,"href":"https:\/\/pinews.com.br\/index.php\/wp-json\/wp\/v2\/posts\/61124\/revisions\/61126"}],"wp:featuredmedia":[{"embeddable":true,"href":"https:\/\/pinews.com.br\/index.php\/wp-json\/wp\/v2\/media\/61125"}],"wp:attachment":[{"href":"https:\/\/pinews.com.br\/index.php\/wp-json\/wp\/v2\/media?parent=61124"}],"wp:term":[{"taxonomy":"category","embeddable":true,"href":"https:\/\/pinews.com.br\/index.php\/wp-json\/wp\/v2\/categories?post=61124"},{"taxonomy":"post_tag","embeddable":true,"href":"https:\/\/pinews.com.br\/index.php\/wp-json\/wp\/v2\/tags?post=61124"}],"curies":[{"name":"wp","href":"https:\/\/api.w.org\/{rel}","templated":true}]}}