{"id":61243,"date":"2024-11-27T18:27:08","date_gmt":"2024-11-27T21:27:08","guid":{"rendered":"https:\/\/pinews.com.br\/?p=61243"},"modified":"2024-11-27T18:27:10","modified_gmt":"2024-11-27T21:27:10","slug":"mulher-e-presa-por-estupro-de-vulneravel-contra-adolescente-de-13-anos-no-piaui","status":"publish","type":"post","link":"https:\/\/pinews.com.br\/index.php\/2024\/11\/27\/mulher-e-presa-por-estupro-de-vulneravel-contra-adolescente-de-13-anos-no-piaui\/","title":{"rendered":"Mulher \u00e9 presa por estupro de vulner\u00e1vel contra adolescente de 13 anos no Piau\u00ed"},"content":{"rendered":"\n<p>A Pol\u00edcia Civil do Piau\u00ed, por meio da Delegacia Seccional de Valen\u00e7a, prendeu nesta quarta (27) uma mulher identificada apenas pelas iniciais L.M.C.C.O., de 38 anos, pelo crime de estupro de vulner\u00e1vel. O mandado decorre de senten\u00e7a condenat\u00f3ria de 11 anos e seis meses de pris\u00e3o.<\/p>\n\n\n\n<p>O inqu\u00e9rito policial \u00e9 do ano de 2013 e os epis\u00f3dios criminosos ocorreram contra uma menina de 13 anos, vizinha da presa nesse per\u00edodo, na cidade de Valen\u00e7a do Piau\u00ed. A m\u00e3e da menina sa\u00eda com o outro filho, com defici\u00eancia visual, para ele fazer tratamento e a\u00a0vizinha aproveitava as sa\u00eddas para cometer os abusos.<\/p>\n\n\n\n<p>Segundo o delegado-titular da unidade policial, Maycon Braga, a pr\u00f3pria filha relatou sobre os abusos para a m\u00e3e.<\/p>\n\n\n\n<p>&#8220;A menina n\u00e3o aguentava mais a onda de estupros, de viola\u00e7\u00f5es contra o seu corpo, e resolveu denunciar para a m\u00e3e. E a m\u00e3e imediatamente nos comunicou, a gente fez o inqu\u00e9rito. Ela estava foragida e a gente conseguiu localizar onde ela estava&#8221;, disse ao\u00a0Cidadeverde.com.<\/p>\n\n\n\n<p>Ainda conforme o delegado, a mulher estava foragida h\u00e1 muito tempo e, ap\u00f3s a investiga\u00e7\u00e3o apontar que a mesma estava se escondendo na cidade de Lagoinha do Piau\u00ed., ela foi presa por policiais civis de Valen\u00e7a e apresentada na Delegacia Secccional de \u00c1gua Branca.<\/p>\n\n\n\n<p>A pris\u00e3o foi feita no \u00e2mbito da \u201cOpera\u00e7\u00e3o Vulner\u00e1veis\u201d realizada pela Delegacia Seccional de Valen\u00e7a. Esse foi o quarto mandado de pris\u00e3o decorrente de senten\u00e7a condenat\u00f3ria realizado nas \u00faltimas duas semanas pela unidade policial.<\/p>\n\n\n\n<p><strong>Fonte: Roberto Araujo\/ Cidade Verde\/ Com informa\u00e7\u00f5es da SSP<\/strong><\/p>\n","protected":false},"excerpt":{"rendered":"<p>A Pol\u00edcia Civil do Piau\u00ed, por meio da Delegacia Seccional de Valen\u00e7a, prendeu nesta quarta (27) uma mulher identificada apenas pelas iniciais L.M.C.C.O., de 38 anos, pelo crime de estupro de vulner\u00e1vel. O mandado decorre de senten\u00e7a condenat\u00f3ria de 11 anos e seis meses de pris\u00e3o. O inqu\u00e9rito policial \u00e9 do ano de 2013 e [&hellip;]<\/p>\n","protected":false},"author":4,"featured_media":61244,"comment_status":"open","ping_status":"open","sticky":false,"template":"","format":"standard","meta":{"beyondwords_generate_audio":"","beyondwords_project_id":"","beyondwords_podcast_id":"","beyondwords_hash":"","beyondwords_error_message":"","beyondwords_disabled":"","publish_post_to_speechkit":"","speechkit_generate_audio":"","speechkit_project_id":"","speechkit_podcast_id":"","speechkit_hash":"","speechkit_error_message":"","speechkit_disabled":"","speechkit_access_key":"","speechkit_error":"","speechkit_info":"","speechkit_response":"","speechkit_retries":"","_speechkit_link":"","_speechkit_text":""},"categories":[51,78],"tags":[426,177,82,294,44,72,236,135,52,59,314,241],"jetpack_featured_media_url":"https:\/\/pinews.com.br\/wp-content\/uploads\/2024\/11\/d154c5ab9b697aa138bf8df9b96aafcb.jpg","_links":{"self":[{"href":"https:\/\/pinews.com.br\/index.php\/wp-json\/wp\/v2\/posts\/61243"}],"collection":[{"href":"https:\/\/pinews.com.br\/index.php\/wp-json\/wp\/v2\/posts"}],"about":[{"href":"https:\/\/pinews.com.br\/index.php\/wp-json\/wp\/v2\/types\/post"}],"author":[{"embeddable":true,"href":"https:\/\/pinews.com.br\/index.php\/wp-json\/wp\/v2\/users\/4"}],"replies":[{"embeddable":true,"href":"https:\/\/pinews.com.br\/index.php\/wp-json\/wp\/v2\/comments?post=61243"}],"version-history":[{"count":1,"href":"https:\/\/pinews.com.br\/index.php\/wp-json\/wp\/v2\/posts\/61243\/revisions"}],"predecessor-version":[{"id":61245,"href":"https:\/\/pinews.com.br\/index.php\/wp-json\/wp\/v2\/posts\/61243\/revisions\/61245"}],"wp:featuredmedia":[{"embeddable":true,"href":"https:\/\/pinews.com.br\/index.php\/wp-json\/wp\/v2\/media\/61244"}],"wp:attachment":[{"href":"https:\/\/pinews.com.br\/index.php\/wp-json\/wp\/v2\/media?parent=61243"}],"wp:term":[{"taxonomy":"category","embeddable":true,"href":"https:\/\/pinews.com.br\/index.php\/wp-json\/wp\/v2\/categories?post=61243"},{"taxonomy":"post_tag","embeddable":true,"href":"https:\/\/pinews.com.br\/index.php\/wp-json\/wp\/v2\/tags?post=61243"}],"curies":[{"name":"wp","href":"https:\/\/api.w.org\/{rel}","templated":true}]}}