{"id":61263,"date":"2024-11-28T18:36:17","date_gmt":"2024-11-28T21:36:17","guid":{"rendered":"https:\/\/pinews.com.br\/?p=61263"},"modified":"2024-11-28T18:36:19","modified_gmt":"2024-11-28T21:36:19","slug":"homem-e-preso-por-estuprar-e-engravidar-enteada-de-10-anos-no-piaui","status":"publish","type":"post","link":"https:\/\/pinews.com.br\/index.php\/2024\/11\/28\/homem-e-preso-por-estuprar-e-engravidar-enteada-de-10-anos-no-piaui\/","title":{"rendered":"Homem \u00e9 preso por estuprar e engravidar enteada de 10 anos no Piau\u00ed"},"content":{"rendered":"\n<p>Um\u00a0homem de 54 anos\u00a0foi preso na manh\u00e3 desta quinta-feira (28), no munic\u00edpio de Naz\u00e1ria, a 34 km de Teresina, por ser\u00a0condenado a 12 anos de pris\u00e3o pelo crime de estupro de vulner\u00e1vel\u00a0contra a enteada, que tinha 10 anos na \u00e9poca do crime.\u00a0A menina engravidou do abusador, que era registrado como seu pai no cart\u00f3rio.<\/p>\n\n\n\n<p>Segundo o delegado Tales Gomes, da Diretoria Especializada em Opera\u00e7\u00f5es Policiais (Deop), o Conselho Tutelar local recebeu em 2011 a den\u00fancia de que uma menina estaria gr\u00e1vida na localidade Lagoa Nova, tamb\u00e9m na cidade.<\/p>\n\n\n\n<p>Ap\u00f3s investiga\u00e7\u00f5es, foi constatado que a crian\u00e7a estava esperando um filho, fruto de estupros do padrasto. Os abusos ocorriam desde 2009.<\/p>\n\n\n\n<p>Ainda conforme a Deop, o homem chegou a ser preso na \u00e9poca, mas depois come\u00e7ou a responder ao processo em liberdade. Durante a instru\u00e7\u00e3o processual, ele assumiu o crime.<\/p>\n\n\n\n<p>Um mandado de pris\u00e3o contra o homem foi expedido no final de outubro e cumprido nesta quinta (28). Ele ser\u00e1 encaminhado ao sistema prisional.<\/p>\n\n\n\n<p><strong>Fonte: G1 PI<\/strong><\/p>\n","protected":false},"excerpt":{"rendered":"<p>Um\u00a0homem de 54 anos\u00a0foi preso na manh\u00e3 desta quinta-feira (28), no munic\u00edpio de Naz\u00e1ria, a 34 km de Teresina, por ser\u00a0condenado a 12 anos de pris\u00e3o pelo crime de estupro de vulner\u00e1vel\u00a0contra a enteada, que tinha 10 anos na \u00e9poca do crime.\u00a0A menina engravidou do abusador, que era registrado como seu pai no cart\u00f3rio. Segundo [&hellip;]<\/p>\n","protected":false},"author":4,"featured_media":61264,"comment_status":"open","ping_status":"open","sticky":false,"template":"","format":"standard","meta":{"beyondwords_generate_audio":"","beyondwords_project_id":"","beyondwords_podcast_id":"","beyondwords_hash":"","beyondwords_error_message":"","beyondwords_disabled":"","publish_post_to_speechkit":"","speechkit_generate_audio":"","speechkit_project_id":"","speechkit_podcast_id":"","speechkit_hash":"","speechkit_error_message":"","speechkit_disabled":"","speechkit_access_key":"","speechkit_error":"","speechkit_info":"","speechkit_response":"","speechkit_retries":"","_speechkit_link":"","_speechkit_text":""},"categories":[51,78],"tags":[408,82,44,72,1484,387,348,84,52,59,79],"jetpack_featured_media_url":"https:\/\/pinews.com.br\/wp-content\/uploads\/2024\/11\/737aa2ca-035e-4e47-a5bc-7b6a090116c0.jpg","_links":{"self":[{"href":"https:\/\/pinews.com.br\/index.php\/wp-json\/wp\/v2\/posts\/61263"}],"collection":[{"href":"https:\/\/pinews.com.br\/index.php\/wp-json\/wp\/v2\/posts"}],"about":[{"href":"https:\/\/pinews.com.br\/index.php\/wp-json\/wp\/v2\/types\/post"}],"author":[{"embeddable":true,"href":"https:\/\/pinews.com.br\/index.php\/wp-json\/wp\/v2\/users\/4"}],"replies":[{"embeddable":true,"href":"https:\/\/pinews.com.br\/index.php\/wp-json\/wp\/v2\/comments?post=61263"}],"version-history":[{"count":1,"href":"https:\/\/pinews.com.br\/index.php\/wp-json\/wp\/v2\/posts\/61263\/revisions"}],"predecessor-version":[{"id":61265,"href":"https:\/\/pinews.com.br\/index.php\/wp-json\/wp\/v2\/posts\/61263\/revisions\/61265"}],"wp:featuredmedia":[{"embeddable":true,"href":"https:\/\/pinews.com.br\/index.php\/wp-json\/wp\/v2\/media\/61264"}],"wp:attachment":[{"href":"https:\/\/pinews.com.br\/index.php\/wp-json\/wp\/v2\/media?parent=61263"}],"wp:term":[{"taxonomy":"category","embeddable":true,"href":"https:\/\/pinews.com.br\/index.php\/wp-json\/wp\/v2\/categories?post=61263"},{"taxonomy":"post_tag","embeddable":true,"href":"https:\/\/pinews.com.br\/index.php\/wp-json\/wp\/v2\/tags?post=61263"}],"curies":[{"name":"wp","href":"https:\/\/api.w.org\/{rel}","templated":true}]}}