{"id":61269,"date":"2024-11-29T20:38:21","date_gmt":"2024-11-29T23:38:21","guid":{"rendered":"https:\/\/pinews.com.br\/?p=61269"},"modified":"2024-11-29T20:38:23","modified_gmt":"2024-11-29T23:38:23","slug":"conta-de-energia-nao-tera-cobranca-extra-em-dezembro","status":"publish","type":"post","link":"https:\/\/pinews.com.br\/index.php\/2024\/11\/29\/conta-de-energia-nao-tera-cobranca-extra-em-dezembro\/","title":{"rendered":"Conta de energia n\u00e3o ter\u00e1 cobran\u00e7a extra em dezembro"},"content":{"rendered":"\n<p>A bandeira tarif\u00e1ria para o m\u00eas de dezembro ser\u00e1 verde, sem cobran\u00e7a extra na conta de luz. Segundo a Ag\u00eancia Nacional de Energia El\u00e9trica (Aneel), a mudan\u00e7a foi poss\u00edvel gra\u00e7as \u00e0 \u201cexpressiva melhora das condi\u00e7\u00f5es de gera\u00e7\u00e3o de energia\u201d no pa\u00eds.&nbsp;<img decoding=\"async\" src=\"https:\/\/agenciabrasil.ebc.com.br\/ebc.png?id=1621901&amp;o=node\"><img decoding=\"async\" src=\"https:\/\/agenciabrasil.ebc.com.br\/ebc.gif?id=1621901&amp;o=node\"><\/p>\n\n\n\n<p>\u201cNas \u00faltimas semanas, o per\u00edodo chuvoso mais intenso favoreceu a gera\u00e7\u00e3o de energia hidrel\u00e9trica, com custo de gera\u00e7\u00e3o inferior ao de fontes termel\u00e9tricas &#8211; acionada mais frequentemente quando os n\u00edveis dos reservat\u00f3rios est\u00e3o baixos\u201d, explica a Aneel.&nbsp;<\/p>\n\n\n\n<p>Neste ano, a falta de chuva fez com que a Aneel acionasse a bandeira tarif\u00e1ria vermelha patamar 1 em setembro e a&nbsp; vermelha patamar 2 em outubro. Em novembro, foi acionada a bandeira tarif\u00e1ria amarela, com cobran\u00e7a adicional de R$ 1,885 a cada 100 kWh consumidos.&nbsp;&nbsp;<\/p>\n\n\n\n<p>Criado em 2015 pela Aneel, o sistema de bandeiras tarif\u00e1rias reflete os custos vari\u00e1veis da gera\u00e7\u00e3o de energia el\u00e9trica. Divididas em n\u00edveis, as bandeiras indicam quanto est\u00e1 custando para o Sistema Interligado Nacional gerar a energia usada nas casas, em estabelecimentos comerciais e nas ind\u00fastrias, considerando fatores como a disponibilidade de recursos h\u00eddricos, o avan\u00e7o das fontes renov\u00e1veis, bem como o acionamento de fontes de gera\u00e7\u00e3o mais caras como as termel\u00e9tricas.<\/p>\n\n\n\n<p>As cores verde, amarela ou vermelha (nos patamares 1 e 2) indicam se a energia custar\u00e1 mais ou menos em fun\u00e7\u00e3o das condi\u00e7\u00f5es de gera\u00e7\u00e3o, sendo a bandeira vermelha a que tem custo maior, e a verde, sem custo extra.<\/p>\n\n\n\n<p><strong>Fonte: Ag\u00eancia Brasil <\/strong><\/p>\n","protected":false},"excerpt":{"rendered":"<p>A bandeira tarif\u00e1ria para o m\u00eas de dezembro ser\u00e1 verde, sem cobran\u00e7a extra na conta de luz. Segundo a Ag\u00eancia Nacional de Energia El\u00e9trica (Aneel), a mudan\u00e7a foi poss\u00edvel gra\u00e7as \u00e0 \u201cexpressiva melhora das condi\u00e7\u00f5es de gera\u00e7\u00e3o de energia\u201d no pa\u00eds.&nbsp; \u201cNas \u00faltimas semanas, o per\u00edodo chuvoso mais intenso favoreceu a gera\u00e7\u00e3o de energia hidrel\u00e9trica, [&hellip;]<\/p>\n","protected":false},"author":4,"featured_media":61270,"comment_status":"open","ping_status":"open","sticky":false,"template":"","format":"standard","meta":{"beyondwords_generate_audio":"","beyondwords_project_id":"","beyondwords_podcast_id":"","beyondwords_hash":"","beyondwords_error_message":"","beyondwords_disabled":"","publish_post_to_speechkit":"","speechkit_generate_audio":"","speechkit_project_id":"","speechkit_podcast_id":"","speechkit_hash":"","speechkit_error_message":"","speechkit_disabled":"","speechkit_access_key":"","speechkit_error":"","speechkit_info":"","speechkit_response":"","speechkit_retries":"","_speechkit_link":"","_speechkit_text":""},"categories":[516,134],"tags":[817,6395,44,4337,46,1976,952,653,5437],"jetpack_featured_media_url":"https:\/\/pinews.com.br\/wp-content\/uploads\/2024\/11\/luz_1.jpg","_links":{"self":[{"href":"https:\/\/pinews.com.br\/index.php\/wp-json\/wp\/v2\/posts\/61269"}],"collection":[{"href":"https:\/\/pinews.com.br\/index.php\/wp-json\/wp\/v2\/posts"}],"about":[{"href":"https:\/\/pinews.com.br\/index.php\/wp-json\/wp\/v2\/types\/post"}],"author":[{"embeddable":true,"href":"https:\/\/pinews.com.br\/index.php\/wp-json\/wp\/v2\/users\/4"}],"replies":[{"embeddable":true,"href":"https:\/\/pinews.com.br\/index.php\/wp-json\/wp\/v2\/comments?post=61269"}],"version-history":[{"count":1,"href":"https:\/\/pinews.com.br\/index.php\/wp-json\/wp\/v2\/posts\/61269\/revisions"}],"predecessor-version":[{"id":61271,"href":"https:\/\/pinews.com.br\/index.php\/wp-json\/wp\/v2\/posts\/61269\/revisions\/61271"}],"wp:featuredmedia":[{"embeddable":true,"href":"https:\/\/pinews.com.br\/index.php\/wp-json\/wp\/v2\/media\/61270"}],"wp:attachment":[{"href":"https:\/\/pinews.com.br\/index.php\/wp-json\/wp\/v2\/media?parent=61269"}],"wp:term":[{"taxonomy":"category","embeddable":true,"href":"https:\/\/pinews.com.br\/index.php\/wp-json\/wp\/v2\/categories?post=61269"},{"taxonomy":"post_tag","embeddable":true,"href":"https:\/\/pinews.com.br\/index.php\/wp-json\/wp\/v2\/tags?post=61269"}],"curies":[{"name":"wp","href":"https:\/\/api.w.org\/{rel}","templated":true}]}}