{"id":61494,"date":"2024-12-11T20:35:09","date_gmt":"2024-12-11T23:35:09","guid":{"rendered":"https:\/\/pinews.com.br\/?p=61494"},"modified":"2024-12-11T20:35:09","modified_gmt":"2024-12-11T23:35:09","slug":"homem-morre-em-cela-de-delegacia-no-piaui-apos-ser-preso-e-imobilizado-suspeito-de-invadir-conselho-tutelar","status":"publish","type":"post","link":"https:\/\/pinews.com.br\/index.php\/2024\/12\/11\/homem-morre-em-cela-de-delegacia-no-piaui-apos-ser-preso-e-imobilizado-suspeito-de-invadir-conselho-tutelar\/","title":{"rendered":"Homem morre em cela de delegacia no Piau\u00ed ap\u00f3s ser preso e imobilizado suspeito de invadir Conselho Tutelar"},"content":{"rendered":"<p>Um homem foi encontrado morto dentro de uma cela da Central de Flagrantes de Parna\u00edba, na tarde desta quarta-feira (11). Ele havia sido preso cerca de tr\u00eas horas antes, suspeito de invadir o Conselho Tutelar da cidade, e teve que ser contido pela pol\u00edcia e levado \u00e0 delegacia (veja o v\u00eddeo acima). Ele estava sozinho na cela e o caso ser\u00e1 investigado pela Pol\u00edcia Civil.<\/p>\n<p>Um v\u00eddeo gravado por um dos funcion\u00e1rios do Conselho Tutelar mostra o momento em que o homem, identificado como Vitor Hugo Braga de Oliveira, foi imobilizado no ch\u00e3o por dois policiais militares e outros dois funcion\u00e1rios do local. Ele foi imobilizado e algemado e levado \u00e0 delegacia.<\/p>\n<p>O coordenador do Conselho Tutelar de Parna\u00edba, On\u00e9sio J\u00fanior, informou que o homem entrou correndo no local e se escondeu no dep\u00f3sito, afirmando que algu\u00e9m queria mat\u00e1-lo.<\/p>\n<p>\u201cOs meninos que trabalham l\u00e1 me informaram que esse cara vinha correndo, viu a porta do conselho aberta, entrou. Ele se escondeu no dep\u00f3sito afirmando o tempo todo que algu\u00e9m queria mat\u00e1-lo. N\u00e3o demorou, ele ficou transtornado e a pol\u00edcia que j\u00e1 vinha atr\u00e1s dele entrou e foi aquilo que vimos nos v\u00eddeos sobre a imobiliza\u00e7\u00e3o\u201d.<\/p>\n<p>Ap\u00f3s ser contido, o homem foi encaminhado para a Central de Flagrantes de Parna\u00edba e horas depois, foi encontrado morto dentro da cela em que estava. Segundo a PM, o homem estava sozinho na cela e n\u00e3o h\u00e1 ind\u00edcios de que possa ter cometido suic\u00eddio. A per\u00edcia foi acionada para analisar o local onde ele morreu e o caso ser\u00e1 investigado Pol\u00edcia Civil.<\/p>\n<p><strong>Fonte: G1 PI\u00a0<\/strong><\/p>\n","protected":false},"excerpt":{"rendered":"<p>Um homem foi encontrado morto dentro de uma cela da Central de Flagrantes de Parna\u00edba, na tarde desta quarta-feira (11). Ele havia sido preso cerca de tr\u00eas horas antes, suspeito de invadir o Conselho Tutelar da cidade, e teve que ser contido pela pol\u00edcia e levado \u00e0 delegacia (veja o v\u00eddeo acima). Ele estava sozinho [&hellip;]<\/p>\n","protected":false},"author":4,"featured_media":61495,"comment_status":"open","ping_status":"open","sticky":false,"template":"","format":"standard","meta":{"beyondwords_generate_audio":"1","beyondwords_project_id":"","beyondwords_podcast_id":"","beyondwords_hash":"","beyondwords_error_message":"","beyondwords_disabled":"","publish_post_to_speechkit":"","speechkit_generate_audio":"","speechkit_project_id":"","speechkit_podcast_id":"","speechkit_hash":"","speechkit_error_message":"","speechkit_disabled":"","speechkit_access_key":"","speechkit_error":"","speechkit_info":"","speechkit_response":"","speechkit_retries":"","_speechkit_link":"","_speechkit_text":""},"categories":[51,78],"tags":[70,1671,7157,44,1088,46,84,12483,227,119,52,79,139,130,9178],"jetpack_featured_media_url":"https:\/\/pinews.com.br\/wp-content\/uploads\/2024\/12\/2adbdff5-2f50-4b0f-8b24-8ba6f1909b06.jfif_.jpg","_links":{"self":[{"href":"https:\/\/pinews.com.br\/index.php\/wp-json\/wp\/v2\/posts\/61494"}],"collection":[{"href":"https:\/\/pinews.com.br\/index.php\/wp-json\/wp\/v2\/posts"}],"about":[{"href":"https:\/\/pinews.com.br\/index.php\/wp-json\/wp\/v2\/types\/post"}],"author":[{"embeddable":true,"href":"https:\/\/pinews.com.br\/index.php\/wp-json\/wp\/v2\/users\/4"}],"replies":[{"embeddable":true,"href":"https:\/\/pinews.com.br\/index.php\/wp-json\/wp\/v2\/comments?post=61494"}],"version-history":[{"count":1,"href":"https:\/\/pinews.com.br\/index.php\/wp-json\/wp\/v2\/posts\/61494\/revisions"}],"predecessor-version":[{"id":61496,"href":"https:\/\/pinews.com.br\/index.php\/wp-json\/wp\/v2\/posts\/61494\/revisions\/61496"}],"wp:featuredmedia":[{"embeddable":true,"href":"https:\/\/pinews.com.br\/index.php\/wp-json\/wp\/v2\/media\/61495"}],"wp:attachment":[{"href":"https:\/\/pinews.com.br\/index.php\/wp-json\/wp\/v2\/media?parent=61494"}],"wp:term":[{"taxonomy":"category","embeddable":true,"href":"https:\/\/pinews.com.br\/index.php\/wp-json\/wp\/v2\/categories?post=61494"},{"taxonomy":"post_tag","embeddable":true,"href":"https:\/\/pinews.com.br\/index.php\/wp-json\/wp\/v2\/tags?post=61494"}],"curies":[{"name":"wp","href":"https:\/\/api.w.org\/{rel}","templated":true}]}}