{"id":61576,"date":"2024-12-16T18:11:05","date_gmt":"2024-12-16T21:11:05","guid":{"rendered":"https:\/\/pinews.com.br\/?p=61576"},"modified":"2024-12-16T18:11:05","modified_gmt":"2024-12-16T21:11:05","slug":"piauiense-e-preso-suspeito-de-matar-namorada-asfixiada-no-distrito-federal","status":"publish","type":"post","link":"https:\/\/pinews.com.br\/index.php\/2024\/12\/16\/piauiense-e-preso-suspeito-de-matar-namorada-asfixiada-no-distrito-federal\/","title":{"rendered":"Piauiense \u00e9 preso suspeito de matar namorada asfixiada no Distrito Federal"},"content":{"rendered":"<p>Um homem foi preso, nesta segunda-feira (16), suspeito de matar a companheira asfixiada, em um galp\u00e3o no Setor de Ind\u00fastria e Abastecimento (SIA).<\/p>\n<p>A Pol\u00edcia Militar do Distrito Federal (PMDF) encontrou o suspeito na passarela do Cruzeiro, tentando tirar a pr\u00f3pria vida.<\/p>\n<p>O crime ocorreu por volta das 11h desta segunda. Conforme a pol\u00edcia, I. P. S., 37 anos, confessou o crime e que teria tentado o suic\u00eddio ap\u00f3s agredir e matar a companheira, identificada como K. C. N. O suspeito e a v\u00edtima eram namorados e tinham tr\u00eas meses de relacionamento.<\/p>\n<p>Informa\u00e7\u00f5es preliminares d\u00e3o conta de que o homem teria chegado do Piau\u00ed h\u00e1 poucos meses e que trabalhava e morava no galp\u00e3o, no SIA. A v\u00edtima teria ido passar a noite com ele. J\u00e1 na manh\u00e3 de hoje, o homem mexeu no celular da v\u00edtima e teria encontrado mensagens trocadas entre ela e outro homem. Descontrolado, iniciou uma briga e esganou a jovem.<\/p>\n<p>A mulher foi encontrada atr\u00e1s de um galp\u00e3o por militares do Corpo de Bombeiros Militar, que tentaram reanim\u00e1-la, mas sem sucesso.<\/p>\n<p><strong>Fonte: Lupa 1<\/strong><\/p>\n","protected":false},"excerpt":{"rendered":"<p>Um homem foi preso, nesta segunda-feira (16), suspeito de matar a companheira asfixiada, em um galp\u00e3o no Setor de Ind\u00fastria e Abastecimento (SIA). A Pol\u00edcia Militar do Distrito Federal (PMDF) encontrou o suspeito na passarela do Cruzeiro, tentando tirar a pr\u00f3pria vida. O crime ocorreu por volta das 11h desta segunda. Conforme a pol\u00edcia, I. [&hellip;]<\/p>\n","protected":false},"author":4,"featured_media":61577,"comment_status":"open","ping_status":"open","sticky":false,"template":"","format":"standard","meta":{"beyondwords_generate_audio":"1","beyondwords_project_id":"","beyondwords_podcast_id":"","beyondwords_hash":"","beyondwords_error_message":"","beyondwords_disabled":"","publish_post_to_speechkit":"","speechkit_generate_audio":"","speechkit_project_id":"","speechkit_podcast_id":"","speechkit_hash":"","speechkit_error_message":"","speechkit_disabled":"","speechkit_access_key":"","speechkit_error":"","speechkit_info":"","speechkit_response":"","speechkit_retries":"","_speechkit_link":"","_speechkit_text":""},"categories":[134,78],"tags":[12494,44,5908,72,5461,85,1676,511,79,130],"jetpack_featured_media_url":"https:\/\/pinews.com.br\/wp-content\/uploads\/2024\/12\/violencia_contra_a_mulher-1024x612-1.webp","_links":{"self":[{"href":"https:\/\/pinews.com.br\/index.php\/wp-json\/wp\/v2\/posts\/61576"}],"collection":[{"href":"https:\/\/pinews.com.br\/index.php\/wp-json\/wp\/v2\/posts"}],"about":[{"href":"https:\/\/pinews.com.br\/index.php\/wp-json\/wp\/v2\/types\/post"}],"author":[{"embeddable":true,"href":"https:\/\/pinews.com.br\/index.php\/wp-json\/wp\/v2\/users\/4"}],"replies":[{"embeddable":true,"href":"https:\/\/pinews.com.br\/index.php\/wp-json\/wp\/v2\/comments?post=61576"}],"version-history":[{"count":1,"href":"https:\/\/pinews.com.br\/index.php\/wp-json\/wp\/v2\/posts\/61576\/revisions"}],"predecessor-version":[{"id":61578,"href":"https:\/\/pinews.com.br\/index.php\/wp-json\/wp\/v2\/posts\/61576\/revisions\/61578"}],"wp:featuredmedia":[{"embeddable":true,"href":"https:\/\/pinews.com.br\/index.php\/wp-json\/wp\/v2\/media\/61577"}],"wp:attachment":[{"href":"https:\/\/pinews.com.br\/index.php\/wp-json\/wp\/v2\/media?parent=61576"}],"wp:term":[{"taxonomy":"category","embeddable":true,"href":"https:\/\/pinews.com.br\/index.php\/wp-json\/wp\/v2\/categories?post=61576"},{"taxonomy":"post_tag","embeddable":true,"href":"https:\/\/pinews.com.br\/index.php\/wp-json\/wp\/v2\/tags?post=61576"}],"curies":[{"name":"wp","href":"https:\/\/api.w.org\/{rel}","templated":true}]}}