{"id":61579,"date":"2024-12-16T18:13:52","date_gmt":"2024-12-16T21:13:52","guid":{"rendered":"https:\/\/pinews.com.br\/?p=61579"},"modified":"2024-12-16T18:13:52","modified_gmt":"2024-12-16T21:13:52","slug":"dois-homens-sao-mortos-carbonizados-em-area-de-conflito-de-terras-no-sul-do-piaui","status":"publish","type":"post","link":"https:\/\/pinews.com.br\/index.php\/2024\/12\/16\/dois-homens-sao-mortos-carbonizados-em-area-de-conflito-de-terras-no-sul-do-piaui\/","title":{"rendered":"Dois homens s\u00e3o mortos carbonizados em \u00e1rea de conflito de terras no Sul do Piau\u00ed"},"content":{"rendered":"<p>Corpos de dois homens foram encontrados\u00a0carbonizados em uma \u00e1rea de isolada de mata\u00a0em uma reserva de uma fazenda na zona rural do munic\u00edpio de Sebasti\u00e3o Leal, a cerca de 410 km de Teresina, nesta segunda-feira (16). De acordo com a Pol\u00edcia Militar, a suspeita \u00e9 que as duas v\u00edtimas sejam dois homens que est\u00e3o desaparecidos desde a tarde de domingo (15).<\/p>\n<p>De acordo com a PM, os corpos foram encontrados totalmente carbonizados juntamente com duas motos, que tamb\u00e9m foram incendiadas, em uma \u00e1rea de mata de dif\u00edcil acesso na \u00e1rea de reserva ambiental.<\/p>\n<p>A suspeita \u00e9 que os corpos sejam de dois homens identificados como Rafael, do povoado Recreio, na zona rural de Manoel Em\u00eddio, e Arison, do povoado Santa F\u00e9, munic\u00edpio de Sebast\u00e3o Leal. Eles desapareceram depois de sa\u00edrem em dire\u00e7\u00e3o a uma fazenda onde estavam trabalhando. De acordo com o comandante do Batalh\u00e3o de Pol\u00edcia Militar (BPM) de Bertol\u00ednia, sargento Augusto, a \u00e1rea onde os corpos foram achados \u00e9 uma\u00a0regi\u00e3o de conflito de terras.<\/p>\n<blockquote><p>&#8220;Os familiares s\u00f3 relataram que eles tinham sa\u00eddo ontem \u00e0 tarde de casa em dire\u00e7\u00e3o a uma fazenda na Transcerrados, em Sebasti\u00e3o Leal, e que estavam trabalhando nessa fazenda. Simplesmente foram para l\u00e1 e n\u00e3o tiveram mais not\u00edcia (&#8230;) a fazenda \u00e9 em uma \u00e1rea de conflito na Transcerrados, mas n\u00e3o repassaram o nome, s\u00f3 disseram que a \u00e1rea onde eles trabalham tem problema de conflito de terras, mas n\u00e3o repassaram o nome da fazenda e nem o respons\u00e1vel e nem que tipo de problema&#8221;, relatou ao Cidadeverde.com<\/p><\/blockquote>\n<p>Pelo estado de carboniza\u00e7\u00e3o dos corpos, n\u00e3o foi poss\u00edvel confirmar se as v\u00edtimas s\u00e3o de fato os dois desaparecidos &#8211; os aparelhos celulares e documentos tamb\u00e9m ficaram completamente destru\u00eddos pelas chamas. Os corpos foram encaminhados para o Instituto M\u00e9dico Legal (IML) de Teresina para confirmar a identifica\u00e7\u00e3o.<\/p>\n<p>A estimativa \u00e9 que as v\u00edtimas foram mortas entre 22h de domingo e as 4h desta segunda. Isso porque os corpos foram encontrados por volta de 8h da manh\u00e3 e n\u00e3o havia mais fogo ou fuma\u00e7a &#8211; o que indica de que h\u00e1 pelo menos duas horas n\u00e3o havia mais chamas no local.<\/p>\n<p><strong>Fonte: Roberto Ara\u00fajo\/ Cidade Verde\u00a0<\/strong><\/p>\n","protected":false},"excerpt":{"rendered":"<p>Corpos de dois homens foram encontrados\u00a0carbonizados em uma \u00e1rea de isolada de mata\u00a0em uma reserva de uma fazenda na zona rural do munic\u00edpio de Sebasti\u00e3o Leal, a cerca de 410 km de Teresina, nesta segunda-feira (16). De acordo com a Pol\u00edcia Militar, a suspeita \u00e9 que as duas v\u00edtimas sejam dois homens que est\u00e3o desaparecidos [&hellip;]<\/p>\n","protected":false},"author":4,"featured_media":61580,"comment_status":"open","ping_status":"open","sticky":false,"template":"","format":"standard","meta":{"beyondwords_generate_audio":"1","beyondwords_project_id":"","beyondwords_podcast_id":"","beyondwords_hash":"","beyondwords_error_message":"","beyondwords_disabled":"","publish_post_to_speechkit":"","speechkit_generate_audio":"","speechkit_project_id":"","speechkit_podcast_id":"","speechkit_hash":"","speechkit_error_message":"","speechkit_disabled":"","speechkit_access_key":"","speechkit_error":"","speechkit_info":"","speechkit_response":"","speechkit_retries":"","_speechkit_link":"","_speechkit_text":""},"categories":[51,78],"tags":[622,1258,7017,44,106,46,108,759,52,362,120,6640],"jetpack_featured_media_url":"https:\/\/pinews.com.br\/wp-content\/uploads\/2024\/12\/8f1e744416d3ebc2504c172305dfabf5.jpg","_links":{"self":[{"href":"https:\/\/pinews.com.br\/index.php\/wp-json\/wp\/v2\/posts\/61579"}],"collection":[{"href":"https:\/\/pinews.com.br\/index.php\/wp-json\/wp\/v2\/posts"}],"about":[{"href":"https:\/\/pinews.com.br\/index.php\/wp-json\/wp\/v2\/types\/post"}],"author":[{"embeddable":true,"href":"https:\/\/pinews.com.br\/index.php\/wp-json\/wp\/v2\/users\/4"}],"replies":[{"embeddable":true,"href":"https:\/\/pinews.com.br\/index.php\/wp-json\/wp\/v2\/comments?post=61579"}],"version-history":[{"count":1,"href":"https:\/\/pinews.com.br\/index.php\/wp-json\/wp\/v2\/posts\/61579\/revisions"}],"predecessor-version":[{"id":61581,"href":"https:\/\/pinews.com.br\/index.php\/wp-json\/wp\/v2\/posts\/61579\/revisions\/61581"}],"wp:featuredmedia":[{"embeddable":true,"href":"https:\/\/pinews.com.br\/index.php\/wp-json\/wp\/v2\/media\/61580"}],"wp:attachment":[{"href":"https:\/\/pinews.com.br\/index.php\/wp-json\/wp\/v2\/media?parent=61579"}],"wp:term":[{"taxonomy":"category","embeddable":true,"href":"https:\/\/pinews.com.br\/index.php\/wp-json\/wp\/v2\/categories?post=61579"},{"taxonomy":"post_tag","embeddable":true,"href":"https:\/\/pinews.com.br\/index.php\/wp-json\/wp\/v2\/tags?post=61579"}],"curies":[{"name":"wp","href":"https:\/\/api.w.org\/{rel}","templated":true}]}}