{"id":61599,"date":"2024-12-17T10:45:07","date_gmt":"2024-12-17T13:45:07","guid":{"rendered":"https:\/\/pinews.com.br\/?p=61599"},"modified":"2024-12-17T10:45:07","modified_gmt":"2024-12-17T13:45:07","slug":"homem-esfaqueado-agride-medico-e-quebra-porta-de-vidro-no-hospital-regional-de-picos","status":"publish","type":"post","link":"https:\/\/pinews.com.br\/index.php\/2024\/12\/17\/homem-esfaqueado-agride-medico-e-quebra-porta-de-vidro-no-hospital-regional-de-picos\/","title":{"rendered":"Homem esfaqueado agride m\u00e9dico e quebra porta de vidro no Hospital Regional de Picos"},"content":{"rendered":"<p>Na noite desta segunda-feira (16) um paciente, que n\u00e3o teve a identidade revelada, agrediu um m\u00e9dico-cirurgi\u00e3o e quebrou uma porta de vidro no Regional Justino Luz, em Picos. O incidente aconteceu no momento em que o homem estava sendo atendido pela equipe de profissionais ap\u00f3s ser esfaqueado na rua.<\/p>\n<p>Um v\u00eddeo gravado por populares que se encontravam na casa de sa\u00fade, mostra o paciente em \u2018estado de surto\u2019, amea\u00e7ando agredir as pessoas. Os porteiros ainda tentaram intervir na situa\u00e7\u00e3o, mas n\u00e3o conseguiram interceptar o homem.<\/p>\n<p>A situa\u00e7\u00e3o fugiu do controle, e a Pol\u00edcia Militar precisou ser acionada para controlar o homem. Um boletim de ocorr\u00eancia foi registrado pelo Hospital Regional.<\/p>\n<blockquote><p><em>\u201cAp\u00f3s esse incidente, a equipe se viu obrigada a recuar, enquanto o paciente continuou a depredar o patrim\u00f4nio p\u00fablico dentro da unidade. Diante da gravidade da situa\u00e7\u00e3o, a Pol\u00edcia Militar foi acionada, e um boletim de ocorr\u00eancia foi registrado. As autoridades conduziram o paciente \u00e0 delegacia, onde as medidas legais necess\u00e1rias est\u00e3o sendo tomadas\u201d, informa a nota.<\/em><\/p><\/blockquote>\n<p><strong>Confira a nota na \u00edntegra!<\/strong><\/p>\n<blockquote><p><em>O Hospital Regional Justino Luz esclarece que o paciente, que provocou tumulto na unidade hospitalar nesta segunda-feira, foi prontamente atendido pela equipe de plant\u00e3o. Embora, ap\u00f3s a abertura da UPA, o hospital n\u00e3o seja mais refer\u00eancia para atendimentos cl\u00ednicos de emerg\u00eancia.<\/em><\/p>\n<p><em>Durante o atendimento, o paciente apresentou comportamento agressivo, proferindo palavras ofensivas e agredindo fisicamente o m\u00e9dico cirurgi\u00e3o que o prestava assist\u00eancia.<\/em><\/p>\n<p><em>Ap\u00f3s esse incidente, a equipe se viu obrigada a recuar, enquanto o paciente continuou a depredar o patrim\u00f4nio p\u00fablico dentro da unidade. Diante da gravidade da situa\u00e7\u00e3o, a Pol\u00edcia Militar foi acionada, e um boletim de ocorr\u00eancia foi registrado. As autoridades conduziram o paciente \u00e0 delegacia, onde as medidas legais necess\u00e1rias est\u00e3o sendo tomadas.<\/em><\/p>\n<p><em>Agradecemos a compreens\u00e3o de todos e reiteramos nosso compromisso com a seguran\u00e7a e o bem-estar de nossos colaboradores e pacientes.\u00a0<\/em><\/p><\/blockquote>\n<p><strong>Fonte: Paula Monize\/ Cidade Verde\u00a0<\/strong><\/p>\n","protected":false},"excerpt":{"rendered":"<p>Na noite desta segunda-feira (16) um paciente, que n\u00e3o teve a identidade revelada, agrediu um m\u00e9dico-cirurgi\u00e3o e quebrou uma porta de vidro no Regional Justino Luz, em Picos. O incidente aconteceu no momento em que o homem estava sendo atendido pela equipe de profissionais ap\u00f3s ser esfaqueado na rua. Um v\u00eddeo gravado por populares que [&hellip;]<\/p>\n","protected":false},"author":4,"featured_media":61600,"comment_status":"open","ping_status":"open","sticky":false,"template":"","format":"standard","meta":{"beyondwords_generate_audio":"1","beyondwords_project_id":"","beyondwords_podcast_id":"","beyondwords_hash":"","beyondwords_error_message":"","beyondwords_disabled":"","publish_post_to_speechkit":"","speechkit_generate_audio":"","speechkit_project_id":"","speechkit_podcast_id":"","speechkit_hash":"","speechkit_error_message":"","speechkit_disabled":"","speechkit_access_key":"","speechkit_error":"","speechkit_info":"","speechkit_response":"","speechkit_retries":"","_speechkit_link":"","_speechkit_text":""},"categories":[51,126,78],"tags":[8534,44,502,84,339,940,125,1793,1026,5516,5883],"jetpack_featured_media_url":"https:\/\/pinews.com.br\/wp-content\/uploads\/2024\/12\/76f7ff782a87d17c0f41872afecb3639.jpeg","_links":{"self":[{"href":"https:\/\/pinews.com.br\/index.php\/wp-json\/wp\/v2\/posts\/61599"}],"collection":[{"href":"https:\/\/pinews.com.br\/index.php\/wp-json\/wp\/v2\/posts"}],"about":[{"href":"https:\/\/pinews.com.br\/index.php\/wp-json\/wp\/v2\/types\/post"}],"author":[{"embeddable":true,"href":"https:\/\/pinews.com.br\/index.php\/wp-json\/wp\/v2\/users\/4"}],"replies":[{"embeddable":true,"href":"https:\/\/pinews.com.br\/index.php\/wp-json\/wp\/v2\/comments?post=61599"}],"version-history":[{"count":1,"href":"https:\/\/pinews.com.br\/index.php\/wp-json\/wp\/v2\/posts\/61599\/revisions"}],"predecessor-version":[{"id":61601,"href":"https:\/\/pinews.com.br\/index.php\/wp-json\/wp\/v2\/posts\/61599\/revisions\/61601"}],"wp:featuredmedia":[{"embeddable":true,"href":"https:\/\/pinews.com.br\/index.php\/wp-json\/wp\/v2\/media\/61600"}],"wp:attachment":[{"href":"https:\/\/pinews.com.br\/index.php\/wp-json\/wp\/v2\/media?parent=61599"}],"wp:term":[{"taxonomy":"category","embeddable":true,"href":"https:\/\/pinews.com.br\/index.php\/wp-json\/wp\/v2\/categories?post=61599"},{"taxonomy":"post_tag","embeddable":true,"href":"https:\/\/pinews.com.br\/index.php\/wp-json\/wp\/v2\/tags?post=61599"}],"curies":[{"name":"wp","href":"https:\/\/api.w.org\/{rel}","templated":true}]}}