{"id":61617,"date":"2024-12-18T20:49:48","date_gmt":"2024-12-18T23:49:48","guid":{"rendered":"https:\/\/pinews.com.br\/?p=61617"},"modified":"2024-12-18T20:49:48","modified_gmt":"2024-12-18T23:49:48","slug":"homem-e-encontrado-morto-a-tiros-com-as-maos-algemadas-nas-costas-no-piaui","status":"publish","type":"post","link":"https:\/\/pinews.com.br\/index.php\/2024\/12\/18\/homem-e-encontrado-morto-a-tiros-com-as-maos-algemadas-nas-costas-no-piaui\/","title":{"rendered":"Homem \u00e9 encontrado morto a tiros com as m\u00e3os algemadas nas costas no Piau\u00ed"},"content":{"rendered":"<p>Um homem chamado Jos\u00e9 Cl\u00e1udio da Cruz Rodrigues, de 47 anos, foi encontrado morto com marcas de tiros na noite da ter\u00e7a-feira (17), na rua Fogo Pagou, na Vila do Avi\u00e3o, bairro Pedra Mole, Zona Leste de Teresina. A v\u00edtima estava com as m\u00e3os algemadas.<\/p>\n<div id=\"chunk-7i43f\">\n<div class=\"mc-column content-text active-extra-styles \" data-block-type=\"unstyled\" data-block-weight=\"29\" data-block-id=\"6\">\n<p class=\" content-text__container \" data-track-category=\"Link no Texto\" data-track-links=\"\" data-mrf-recirculation=\"Mat\u00e9ria - Links no Texto\">Conforme o 5\u00ba Batalh\u00e3o da Pol\u00edcia Militar (5\u00ba BPM), moradores acionaram a equipe ap\u00f3s encontrarem o homem ca\u00eddo na via. O local foi isolado e a Per\u00edcia Criminal chamada.<\/p>\n<\/div>\n<\/div>\n<div id=\"chunk-cm57o\">\n<div class=\"mc-column content-text active-extra-styles \" data-block-type=\"unstyled\" data-block-weight=\"32\" data-block-id=\"7\">\n<p class=\" content-text__container \" data-track-category=\"Link no Texto\" data-track-links=\"\" data-mrf-recirculation=\"Mat\u00e9ria - Links no Texto\">A per\u00edcia constatou que Jos\u00e9 Cl\u00e1udio levou 2 tiros na regi\u00e3o da cabe\u00e7a, 1 no peito e outro na orelha. A v\u00edtima estava com duas m\u00e3os para tr\u00e1s presas em uma algema.<\/p>\n<\/div>\n<\/div>\n<div id=\"chunk-7p3ll\">\n<div class=\"mc-column content-text active-extra-styles \" data-block-type=\"unstyled\" data-block-weight=\"33\" data-block-id=\"8\">\n<p class=\" content-text__container \" data-track-category=\"Link no Texto\" data-track-links=\"\" data-mrf-recirculation=\"Mat\u00e9ria - Links no Texto\">Segundo o delegado Divanilson Sena, do Departamento de Homic\u00eddio e Prote\u00e7\u00e3o \u00e0 Pessoa (DHPP), o<span class=\"highlight highlighted\">\u00a0homem pode ter sido levado algemado para o local ainda com vida e l\u00e1 atingido pelos disparos.<\/span><\/p>\n<\/div>\n<\/div>\n<div id=\"chunk-65nbt\">\n<div class=\"mc-column content-text active-extra-styles\" style=\"text-align: left;\" data-block-type=\"raw\" data-block-weight=\"36\" data-block-id=\"9\">\n<blockquote class=\"content-blockquote theme-border-color-primary-before\"><p>&#8220;N\u00e3o podemos afirmar que se trata de um &#8220;tribunal do crime&#8221;. \u00c9 um caso peculiar, j\u00e1 que ele foi rendido e algemado. Agora que estamos iniciando as investiga\u00e7\u00f5es, mas pode ser, n\u00e3o descartamos&#8221;, declarou o delegado.<\/p><\/blockquote>\n<p>As algemas foram enviadas \u00e0 per\u00edcia para investiga\u00e7\u00e3o.<\/p>\n<\/div>\n<\/div>\n<div id=\"chunk-cunop\">\n<div class=\"mc-column content-text active-extra-styles \" data-block-type=\"unstyled\" data-block-weight=\"27\" data-block-id=\"11\">\n<p class=\" content-text__container \" data-track-category=\"Link no Texto\" data-track-links=\"\" data-mrf-recirculation=\"Mat\u00e9ria - Links no Texto\">Informa\u00e7\u00f5es preliminares apontam que Jos\u00e9 Cl\u00e1udio j\u00e1 foi preso anteriormente ap\u00f3s uma briga de bar. O DHPP investiga ainda se o homem possui outras passagens pela pol\u00edcia.<\/p>\n<p data-track-category=\"Link no Texto\" data-track-links=\"\" data-mrf-recirculation=\"Mat\u00e9ria - Links no Texto\">Ainda segundo Divanilson Sena, a v\u00edtima morava em uma kitnet nas proximidades do local onde foi executado.<\/p>\n<p data-track-category=\"Link no Texto\" data-track-links=\"\" data-mrf-recirculation=\"Mat\u00e9ria - Links no Texto\">O Instituto de Medicina Legal (IML) foi acionado para remover o corpo do homem.<\/p>\n<p data-track-category=\"Link no Texto\" data-track-links=\"\" data-mrf-recirculation=\"Mat\u00e9ria - Links no Texto\">Suspeitos n\u00e3o foram localizados at\u00e9 o momento. O caso segue em investiga\u00e7\u00e3o.<\/p>\n<p data-track-category=\"Link no Texto\" data-track-links=\"\" data-mrf-recirculation=\"Mat\u00e9ria - Links no Texto\"><strong>Fonte: G1 PI\u00a0<\/strong><\/p>\n<\/div>\n<\/div>\n","protected":false},"excerpt":{"rendered":"<p>Um homem chamado Jos\u00e9 Cl\u00e1udio da Cruz Rodrigues, de 47 anos, foi encontrado morto com marcas de tiros na noite da ter\u00e7a-feira (17), na rua Fogo Pagou, na Vila do Avi\u00e3o, bairro Pedra Mole, Zona Leste de Teresina. A v\u00edtima estava com as m\u00e3os algemadas. Conforme o 5\u00ba Batalh\u00e3o da Pol\u00edcia Militar (5\u00ba BPM), moradores [&hellip;]<\/p>\n","protected":false},"author":4,"featured_media":61618,"comment_status":"open","ping_status":"open","sticky":false,"template":"","format":"standard","meta":{"beyondwords_generate_audio":"1","beyondwords_project_id":"","beyondwords_podcast_id":"","beyondwords_hash":"","beyondwords_error_message":"","beyondwords_disabled":"","publish_post_to_speechkit":"","speechkit_generate_audio":"","speechkit_project_id":"","speechkit_podcast_id":"","speechkit_hash":"","speechkit_error_message":"","speechkit_disabled":"","speechkit_access_key":"","speechkit_error":"","speechkit_info":"","speechkit_response":"","speechkit_retries":"","_speechkit_link":"","_speechkit_text":""},"categories":[51,78,81],"tags":[12496,825,72,200,84,1926,197,826,52,165],"jetpack_featured_media_url":"https:\/\/pinews.com.br\/wp-content\/uploads\/2024\/12\/21829700-d8b0-44b7-a71e-d3384a2e9e8d.jpg","_links":{"self":[{"href":"https:\/\/pinews.com.br\/index.php\/wp-json\/wp\/v2\/posts\/61617"}],"collection":[{"href":"https:\/\/pinews.com.br\/index.php\/wp-json\/wp\/v2\/posts"}],"about":[{"href":"https:\/\/pinews.com.br\/index.php\/wp-json\/wp\/v2\/types\/post"}],"author":[{"embeddable":true,"href":"https:\/\/pinews.com.br\/index.php\/wp-json\/wp\/v2\/users\/4"}],"replies":[{"embeddable":true,"href":"https:\/\/pinews.com.br\/index.php\/wp-json\/wp\/v2\/comments?post=61617"}],"version-history":[{"count":1,"href":"https:\/\/pinews.com.br\/index.php\/wp-json\/wp\/v2\/posts\/61617\/revisions"}],"predecessor-version":[{"id":61619,"href":"https:\/\/pinews.com.br\/index.php\/wp-json\/wp\/v2\/posts\/61617\/revisions\/61619"}],"wp:featuredmedia":[{"embeddable":true,"href":"https:\/\/pinews.com.br\/index.php\/wp-json\/wp\/v2\/media\/61618"}],"wp:attachment":[{"href":"https:\/\/pinews.com.br\/index.php\/wp-json\/wp\/v2\/media?parent=61617"}],"wp:term":[{"taxonomy":"category","embeddable":true,"href":"https:\/\/pinews.com.br\/index.php\/wp-json\/wp\/v2\/categories?post=61617"},{"taxonomy":"post_tag","embeddable":true,"href":"https:\/\/pinews.com.br\/index.php\/wp-json\/wp\/v2\/tags?post=61617"}],"curies":[{"name":"wp","href":"https:\/\/api.w.org\/{rel}","templated":true}]}}