{"id":61819,"date":"2025-01-03T18:36:24","date_gmt":"2025-01-03T21:36:24","guid":{"rendered":"https:\/\/pinews.com.br\/?p=61819"},"modified":"2025-01-03T18:36:24","modified_gmt":"2025-01-03T21:36:24","slug":"palmeira-a-margem-da-br-343-cai-em-cima-de-ambulancia-e-deixa-feridos-no-piaui","status":"publish","type":"post","link":"https:\/\/pinews.com.br\/index.php\/2025\/01\/03\/palmeira-a-margem-da-br-343-cai-em-cima-de-ambulancia-e-deixa-feridos-no-piaui\/","title":{"rendered":"Palmeira \u00e0 margem da BR-343 cai em cima de ambul\u00e2ncia e deixa feridos no Piau\u00ed"},"content":{"rendered":"<p>Uma palmeira caiu e atingiu uma ambul\u00e2ncia que trafegava pela BR-343 na zona urbana de Campo Maior na tarde desta sexta-feira (3). De acordo com informa\u00e7\u00f5es da Pol\u00edcia Militar (PM), no ve\u00edculo estavam o\u00a0<strong>motorista, uma paciente e um acompanhante, que tiveram ferimentos leves<\/strong>. Eles foram encaminhados ao\u00a0Hospital Regional de Campo Maior.<\/p>\n<p>Imagens feitas por pessoas que passaram no local no momento do acidente mostram que a palmeira acertou a parte da frente da ambul\u00e2ncia. A ambul\u00e2ncia, segundo a PM, trazia uma paciente do munic\u00edpio de Boa Hora. A \u00e1rvore caiu, segundo os moradores, ap\u00f3s uma forte ventania na cidade.<\/p>\n<p>A Pol\u00edcia Rodovi\u00e1ria Federal (PRF) foi acionada e fez o controle do tr\u00e2nsito. A via ficou interditada parcialmente por conta do acidente, que aconteceu no centro do munic\u00edpio de Campo Maior. O tr\u00e1fego na via ficou parcial enquanto foi feita a remo\u00e7\u00e3o da \u00e1rvore da rodovia.<\/p>\n<p><strong>Fonte: Roberto Ara\u00fajo\/ Cidade Verde<\/strong><\/p>\n","protected":false},"excerpt":{"rendered":"<p>Uma palmeira caiu e atingiu uma ambul\u00e2ncia que trafegava pela BR-343 na zona urbana de Campo Maior na tarde desta sexta-feira (3). De acordo com informa\u00e7\u00f5es da Pol\u00edcia Militar (PM), no ve\u00edculo estavam o\u00a0motorista, uma paciente e um acompanhante, que tiveram ferimentos leves. Eles foram encaminhados ao\u00a0Hospital Regional de Campo Maior. Imagens feitas por pessoas [&hellip;]<\/p>\n","protected":false},"author":4,"featured_media":61820,"comment_status":"open","ping_status":"open","sticky":false,"template":"","format":"standard","meta":{"beyondwords_generate_audio":"1","beyondwords_project_id":"","beyondwords_podcast_id":"","beyondwords_hash":"","beyondwords_error_message":"","beyondwords_disabled":"","publish_post_to_speechkit":"","speechkit_generate_audio":"","speechkit_project_id":"","speechkit_podcast_id":"","speechkit_hash":"","speechkit_error_message":"","speechkit_disabled":"","speechkit_access_key":"","speechkit_error":"","speechkit_info":"","speechkit_response":"","speechkit_retries":"","_speechkit_link":"","_speechkit_text":""},"categories":[51],"tags":[794,1940,377,738,114,122,44,252,46,254,7734,7973,52],"jetpack_featured_media_url":"https:\/\/pinews.com.br\/wp-content\/uploads\/2025\/01\/palmeira_2-1.jpg","_links":{"self":[{"href":"https:\/\/pinews.com.br\/index.php\/wp-json\/wp\/v2\/posts\/61819"}],"collection":[{"href":"https:\/\/pinews.com.br\/index.php\/wp-json\/wp\/v2\/posts"}],"about":[{"href":"https:\/\/pinews.com.br\/index.php\/wp-json\/wp\/v2\/types\/post"}],"author":[{"embeddable":true,"href":"https:\/\/pinews.com.br\/index.php\/wp-json\/wp\/v2\/users\/4"}],"replies":[{"embeddable":true,"href":"https:\/\/pinews.com.br\/index.php\/wp-json\/wp\/v2\/comments?post=61819"}],"version-history":[{"count":1,"href":"https:\/\/pinews.com.br\/index.php\/wp-json\/wp\/v2\/posts\/61819\/revisions"}],"predecessor-version":[{"id":61821,"href":"https:\/\/pinews.com.br\/index.php\/wp-json\/wp\/v2\/posts\/61819\/revisions\/61821"}],"wp:featuredmedia":[{"embeddable":true,"href":"https:\/\/pinews.com.br\/index.php\/wp-json\/wp\/v2\/media\/61820"}],"wp:attachment":[{"href":"https:\/\/pinews.com.br\/index.php\/wp-json\/wp\/v2\/media?parent=61819"}],"wp:term":[{"taxonomy":"category","embeddable":true,"href":"https:\/\/pinews.com.br\/index.php\/wp-json\/wp\/v2\/categories?post=61819"},{"taxonomy":"post_tag","embeddable":true,"href":"https:\/\/pinews.com.br\/index.php\/wp-json\/wp\/v2\/tags?post=61819"}],"curies":[{"name":"wp","href":"https:\/\/api.w.org\/{rel}","templated":true}]}}