{"id":61936,"date":"2025-01-12T14:36:36","date_gmt":"2025-01-12T17:36:36","guid":{"rendered":"https:\/\/pinews.com.br\/?p=61936"},"modified":"2025-01-12T14:36:36","modified_gmt":"2025-01-12T17:36:36","slug":"idoso-e-assassinado-com-tiros-na-cabeca-dentro-de-casa-no-piaui","status":"publish","type":"post","link":"https:\/\/pinews.com.br\/index.php\/2025\/01\/12\/idoso-e-assassinado-com-tiros-na-cabeca-dentro-de-casa-no-piaui\/","title":{"rendered":"Idoso \u00e9 assassinado com tiros na cabe\u00e7a dentro de casa no Piau\u00ed"},"content":{"rendered":"<p>Um idoso de 69 anos, identificado como Jo\u00e3o Batista Ferreira de Miranda, foi assassinado a tiros em sua casa, localizada em uma comunidade na praia do Macap\u00e1, em Lu\u00eds Correia, na noite deste s\u00e1bado (11). Segundo informa\u00e7\u00f5es do 24\u00b0 Batalh\u00e3o da Pol\u00edcia Militar do Piau\u00ed (24\u00b0 BPM-PI),<\/p>\n<p>\u201cA equipe se deslocou ao local e constatou a veracidade. Segundo a esposa da v\u00edtima, ela havia sa\u00eddo para comprar mantimentos e, ao retornar,\u00a0 encontrou a v\u00edtima no ch\u00e3o alvejada com v\u00e1rios disparos de arma de fogo, tanto nas costas como na cabe\u00e7a&#8221;, informou o tenente Mesquita J\u00fanior, do 24\u00b0 BPM-PI.<\/p>\n<p>O local do crime foi isolado pela equipe do 24\u00b0 BPM-PI, que acionou o Instituto M\u00e9dico Legal (IML) para a remo\u00e7\u00e3o do corpo e a Pol\u00edcia Civil do Piau\u00ed (|PC-PI), respons\u00e1vel pela investiga\u00e7\u00e3o do caso. Ainda n\u00e3o h\u00e1 informa\u00e7\u00f5es sobre a din\u00e2mica do crime e quem seriam os suspeitos do homic\u00eddio.<\/p>\n<p><strong>Fonte: Breno Moreno\/ Cidade Verde<\/strong><\/p>\n","protected":false},"excerpt":{"rendered":"<p>Um idoso de 69 anos, identificado como Jo\u00e3o Batista Ferreira de Miranda, foi assassinado a tiros em sua casa, localizada em uma comunidade na praia do Macap\u00e1, em Lu\u00eds Correia, na noite deste s\u00e1bado (11). Segundo informa\u00e7\u00f5es do 24\u00b0 Batalh\u00e3o da Pol\u00edcia Militar do Piau\u00ed (24\u00b0 BPM-PI), \u201cA equipe se deslocou ao local e constatou [&hellip;]<\/p>\n","protected":false},"author":4,"featured_media":61937,"comment_status":"open","ping_status":"open","sticky":false,"template":"","format":"standard","meta":{"beyondwords_generate_audio":"1","beyondwords_project_id":"","beyondwords_podcast_id":"","beyondwords_hash":"","beyondwords_error_message":"","beyondwords_disabled":"","publish_post_to_speechkit":"","speechkit_generate_audio":"","speechkit_project_id":"","speechkit_podcast_id":"","speechkit_hash":"","speechkit_error_message":"","speechkit_disabled":"","speechkit_access_key":"","speechkit_error":"","speechkit_info":"","speechkit_response":"","speechkit_retries":"","_speechkit_link":"","_speechkit_text":""},"categories":[51,78],"tags":[364,750,149,44,192,72,64,12520,91,6060,165],"jetpack_featured_media_url":"https:\/\/pinews.com.br\/wp-content\/uploads\/2025\/01\/idoso_assasssinado_praia_do_macapa.jpg","_links":{"self":[{"href":"https:\/\/pinews.com.br\/index.php\/wp-json\/wp\/v2\/posts\/61936"}],"collection":[{"href":"https:\/\/pinews.com.br\/index.php\/wp-json\/wp\/v2\/posts"}],"about":[{"href":"https:\/\/pinews.com.br\/index.php\/wp-json\/wp\/v2\/types\/post"}],"author":[{"embeddable":true,"href":"https:\/\/pinews.com.br\/index.php\/wp-json\/wp\/v2\/users\/4"}],"replies":[{"embeddable":true,"href":"https:\/\/pinews.com.br\/index.php\/wp-json\/wp\/v2\/comments?post=61936"}],"version-history":[{"count":1,"href":"https:\/\/pinews.com.br\/index.php\/wp-json\/wp\/v2\/posts\/61936\/revisions"}],"predecessor-version":[{"id":61938,"href":"https:\/\/pinews.com.br\/index.php\/wp-json\/wp\/v2\/posts\/61936\/revisions\/61938"}],"wp:featuredmedia":[{"embeddable":true,"href":"https:\/\/pinews.com.br\/index.php\/wp-json\/wp\/v2\/media\/61937"}],"wp:attachment":[{"href":"https:\/\/pinews.com.br\/index.php\/wp-json\/wp\/v2\/media?parent=61936"}],"wp:term":[{"taxonomy":"category","embeddable":true,"href":"https:\/\/pinews.com.br\/index.php\/wp-json\/wp\/v2\/categories?post=61936"},{"taxonomy":"post_tag","embeddable":true,"href":"https:\/\/pinews.com.br\/index.php\/wp-json\/wp\/v2\/tags?post=61936"}],"curies":[{"name":"wp","href":"https:\/\/api.w.org\/{rel}","templated":true}]}}