{"id":61987,"date":"2025-01-14T19:03:56","date_gmt":"2025-01-14T22:03:56","guid":{"rendered":"https:\/\/pinews.com.br\/?p=61987"},"modified":"2025-01-14T19:03:56","modified_gmt":"2025-01-14T22:03:56","slug":"motorista-e-passageiros-ficam-feridos-apos-onibus-tombar-na-br-135-sul-do-piaui","status":"publish","type":"post","link":"https:\/\/pinews.com.br\/index.php\/2025\/01\/14\/motorista-e-passageiros-ficam-feridos-apos-onibus-tombar-na-br-135-sul-do-piaui\/","title":{"rendered":"Motorista e passageiros ficam feridos ap\u00f3s \u00f4nibus tombar na BR-135, Sul do Piau\u00ed"},"content":{"rendered":"<p>O motorista e 15 passageiros de um \u00f4nibus ficaram feridos ap\u00f3s o ve\u00edculo tombar na BR-135, entre as cidades de Reden\u00e7\u00e3o do Gurgu\u00e9ia e Bom Jesus, no Sul do Piau\u00ed nesta ter\u00e7a-feira (14). A Pol\u00edcia Rodovi\u00e1ria Federal (PRF) ainda est\u00e1 em dilig\u00eancias. A Pol\u00edcia Militar informou ao g1 que o motorista fraturou a cabe\u00e7a. Ainda n\u00e3o se sabe o estado de sa\u00fade das v\u00edtimas.<\/p>\n<div id=\"chunk-5flcp\">\n<div class=\"mc-column content-text active-extra-styles \" data-block-type=\"unstyled\" data-block-weight=\"44\" data-block-id=\"5\">\n<p class=\" content-text__container \" data-track-category=\"Link no Texto\" data-track-links=\"\" data-mrf-recirculation=\"Mat\u00e9ria - Links no Texto\">Conforme o comandante Jales, da PM de Reden\u00e7\u00e3o do Gurgu\u00e9ia, as v\u00edtimas foram encaminhadas para a Unidade de Pronto Atendimento de Bom Jesus.\u00a0<strong>Quando a pol\u00edcia chegou ao local, populares j\u00e1 haviam socorridos elas<\/strong>. O acidente aconteceu por volta das 12h30 desta ter\u00e7a (14).<\/p>\n<\/div>\n<\/div>\n<div id=\"chunk-2ds88\">\n<div class=\"mc-column content-text active-extra-styles\" data-block-type=\"raw\" data-block-weight=\"40\" data-block-id=\"6\">\n<p class=\"content-text__container\" data-mrf-recirculation=\"Mat\u00e9ria - Links no Texto\">\n<blockquote class=\"content-blockquote theme-border-color-primary-before\"><p>&#8220;A causa do acidente ainda \u00e9 desconhecida, a PRF t\u00e1 investigando isso. De acordo com o segundo motorista do \u00f4nibus, que vinha descansando no momento do acidente, ele sentiu uma freada brusca antes do fato&#8221;, afirma o comandante Jales.<\/p><\/blockquote>\n<p>&nbsp;<\/p>\n<\/div>\n<\/div>\n<div id=\"chunk-dibkb\">\n<div class=\"mc-column content-text active-extra-styles \" data-block-type=\"unstyled\" data-block-weight=\"32\" data-block-id=\"7\">\n<p class=\" content-text__container \" data-track-category=\"Link no Texto\" data-track-links=\"\" data-mrf-recirculation=\"Mat\u00e9ria - Links no Texto\">A PRF informou que est\u00e1 no local, atendendo as v\u00edtimas. At\u00e9 o momento, n\u00e3o se sabe a quantidade de passageiros que estavam no \u00f4nibus ou qual o destino da viagem.<\/p>\n<p data-track-category=\"Link no Texto\" data-track-links=\"\" data-mrf-recirculation=\"Mat\u00e9ria - Links no Texto\">Esse \u00e9 o terceiro acidente com \u00f4nibus em uma semana no Piau\u00ed. No dia 7 de janeiro, sete pessoas morreram e 19 ficaram feridas ap\u00f3s um \u00f4nibus de turismo tombar, tamb\u00e9m na BR-135. No domingo (12), duas pessoas morreram v\u00edtima de um acidente que envolveu tr\u00eas ve\u00edculos \u2013 duas caminhonetes e um \u00f4nibus.<\/p>\n<p data-track-category=\"Link no Texto\" data-track-links=\"\" data-mrf-recirculation=\"Mat\u00e9ria - Links no Texto\"><strong>Fonte: G1 PI\u00a0<\/strong><\/p>\n<\/div>\n<\/div>\n","protected":false},"excerpt":{"rendered":"<p>O motorista e 15 passageiros de um \u00f4nibus ficaram feridos ap\u00f3s o ve\u00edculo tombar na BR-135, entre as cidades de Reden\u00e7\u00e3o do Gurgu\u00e9ia e Bom Jesus, no Sul do Piau\u00ed nesta ter\u00e7a-feira (14). A Pol\u00edcia Rodovi\u00e1ria Federal (PRF) ainda est\u00e1 em dilig\u00eancias. A Pol\u00edcia Militar informou ao g1 que o motorista fraturou a cabe\u00e7a. Ainda [&hellip;]<\/p>\n","protected":false},"author":4,"featured_media":61988,"comment_status":"open","ping_status":"open","sticky":false,"template":"","format":"standard","meta":{"beyondwords_generate_audio":"1","beyondwords_project_id":"","beyondwords_podcast_id":"","beyondwords_hash":"","beyondwords_error_message":"","beyondwords_disabled":"","publish_post_to_speechkit":"","speechkit_generate_audio":"","speechkit_project_id":"","speechkit_podcast_id":"","speechkit_hash":"","speechkit_error_message":"","speechkit_disabled":"","speechkit_access_key":"","speechkit_error":"","speechkit_info":"","speechkit_response":"","speechkit_retries":"","_speechkit_link":"","_speechkit_text":""},"categories":[51],"tags":[70,224,254,416,58,91,301,6708,52,120,229],"jetpack_featured_media_url":"https:\/\/pinews.com.br\/wp-content\/uploads\/2025\/01\/whatsapp-image-2025-01-14-at-15.48.11.jpeg","_links":{"self":[{"href":"https:\/\/pinews.com.br\/index.php\/wp-json\/wp\/v2\/posts\/61987"}],"collection":[{"href":"https:\/\/pinews.com.br\/index.php\/wp-json\/wp\/v2\/posts"}],"about":[{"href":"https:\/\/pinews.com.br\/index.php\/wp-json\/wp\/v2\/types\/post"}],"author":[{"embeddable":true,"href":"https:\/\/pinews.com.br\/index.php\/wp-json\/wp\/v2\/users\/4"}],"replies":[{"embeddable":true,"href":"https:\/\/pinews.com.br\/index.php\/wp-json\/wp\/v2\/comments?post=61987"}],"version-history":[{"count":1,"href":"https:\/\/pinews.com.br\/index.php\/wp-json\/wp\/v2\/posts\/61987\/revisions"}],"predecessor-version":[{"id":61989,"href":"https:\/\/pinews.com.br\/index.php\/wp-json\/wp\/v2\/posts\/61987\/revisions\/61989"}],"wp:featuredmedia":[{"embeddable":true,"href":"https:\/\/pinews.com.br\/index.php\/wp-json\/wp\/v2\/media\/61988"}],"wp:attachment":[{"href":"https:\/\/pinews.com.br\/index.php\/wp-json\/wp\/v2\/media?parent=61987"}],"wp:term":[{"taxonomy":"category","embeddable":true,"href":"https:\/\/pinews.com.br\/index.php\/wp-json\/wp\/v2\/categories?post=61987"},{"taxonomy":"post_tag","embeddable":true,"href":"https:\/\/pinews.com.br\/index.php\/wp-json\/wp\/v2\/tags?post=61987"}],"curies":[{"name":"wp","href":"https:\/\/api.w.org\/{rel}","templated":true}]}}