{"id":62026,"date":"2025-01-17T20:08:17","date_gmt":"2025-01-17T23:08:17","guid":{"rendered":"https:\/\/pinews.com.br\/?p=62026"},"modified":"2025-01-17T20:08:19","modified_gmt":"2025-01-17T23:08:19","slug":"sao-juliao-prefeitura-municipal-lanca-edital-de-processo-seletivo-para-a-contratacao-de-professores-veja","status":"publish","type":"post","link":"https:\/\/pinews.com.br\/index.php\/2025\/01\/17\/sao-juliao-prefeitura-municipal-lanca-edital-de-processo-seletivo-para-a-contratacao-de-professores-veja\/","title":{"rendered":"S\u00e3o Juli\u00e3o | Prefeitura Municipal lan\u00e7a Edital de Processo Seletivo para a contrata\u00e7\u00e3o de professores; veja!"},"content":{"rendered":"\n<p>A&nbsp;<strong><em>Prefeitura Municipal de S\u00e3o Juli\u00e3o\u2013PI<\/em><\/strong>, na gest\u00e3o<strong><em>&nbsp;\u201cS\u00e3o Juli\u00e3o Para Todos\u201d<\/em><\/strong>, por meio da&nbsp;<strong><em>Secretaria Municipal Educa\u00e7\u00e3o<\/em><\/strong>, publicou na \u00faltima quarta-feira, dia 15 de janeiro, o edital de&nbsp;<strong><em>N\u00b0 003\/2025 do Processo Seletivo<\/em><\/strong>&nbsp;para contrata\u00e7\u00e3o tempor\u00e1ria em cadastro de reserva, de professores da Educa\u00e7\u00e3o Infantil, Ensino Fundamental I e Ensino Fundamental II, para as disciplinas de Portugu\u00eas, Matem\u00e1tica, Geografia, Hist\u00f3ria, L\u00edngua Inglesa, Ci\u00eancias, Ensino Religioso, Arte e Educa\u00e7\u00e3o F\u00edsica, para o ano de 2025, regendo-se o mencionado processo pelas disposi\u00e7\u00f5es legais aplic\u00e1veis e pelas instru\u00e7\u00f5es deste Edital.<\/p>\n\n\n\n<p>As inscri\u00e7\u00f5es est\u00e3o acontecendo de forma presencial na Secretaria Municipal de Educa\u00e7\u00e3o, das 8h \u00e0s 11h e das 14h \u00e0s 18h, e v\u00e3o at\u00e9 o dia 24\/01\/2025. O presente processo seletivo contar\u00e1 uma jornada de trabalho de 20 horas semanais, seguir\u00e1 o valor do sal\u00e1rio m\u00ednimo vigente e ter\u00e1 dura\u00e7\u00e3o de um ano, podendo ser prorrogado por igual per\u00edodo e revogado em caso de concurso p\u00fablico.<\/p>\n\n\n\n<p>A taxa de inscri\u00e7\u00e3o \u00e9 de R$ 50,00 e dever\u00e1 ser depositada na Ag\u00eancia 1364-1, Conta Corrente 103478-2, do Banco do Brasil. O comprovante de pagamento deve ser anexado junto \u00e0 documenta\u00e7\u00e3o no ato da inscri\u00e7\u00e3o. Mais informa\u00e7\u00f5es est\u00e3o dispon\u00edveis no mural da Secretaria de Educa\u00e7\u00e3o.<\/p>\n\n\n\n<p><strong>Veja o edital:\u00a0<\/strong><\/p>\n\n\n\n<figure class=\"wp-block-image size-large\"><img decoding=\"async\" loading=\"lazy\" width=\"850\" height=\"1024\" src=\"https:\/\/pinews.com.br\/wp-content\/uploads\/2025\/01\/IMG-20250117-WA0426-850x1024.jpg\" alt=\"\" class=\"wp-image-62027\" srcset=\"https:\/\/pinews.com.br\/wp-content\/uploads\/2025\/01\/IMG-20250117-WA0426-850x1024.jpg 850w, https:\/\/pinews.com.br\/wp-content\/uploads\/2025\/01\/IMG-20250117-WA0426-249x300.jpg 249w, https:\/\/pinews.com.br\/wp-content\/uploads\/2025\/01\/IMG-20250117-WA0426-768x925.jpg 768w, https:\/\/pinews.com.br\/wp-content\/uploads\/2025\/01\/IMG-20250117-WA0426-860x1036.jpg 860w, https:\/\/pinews.com.br\/wp-content\/uploads\/2025\/01\/IMG-20250117-WA0426.jpg 1080w\" sizes=\"(max-width: 850px) 100vw, 850px\" \/><\/figure>\n\n\n\n<figure class=\"wp-block-image size-large\"><img decoding=\"async\" loading=\"lazy\" width=\"472\" height=\"1024\" src=\"https:\/\/pinews.com.br\/wp-content\/uploads\/2025\/01\/IMG-20250117-WA0427-472x1024.jpg\" alt=\"\" class=\"wp-image-62028\" srcset=\"https:\/\/pinews.com.br\/wp-content\/uploads\/2025\/01\/IMG-20250117-WA0427-472x1024.jpg 472w, https:\/\/pinews.com.br\/wp-content\/uploads\/2025\/01\/IMG-20250117-WA0427-138x300.jpg 138w, https:\/\/pinews.com.br\/wp-content\/uploads\/2025\/01\/IMG-20250117-WA0427-708x1536.jpg 708w, https:\/\/pinews.com.br\/wp-content\/uploads\/2025\/01\/IMG-20250117-WA0427.jpg 738w\" sizes=\"(max-width: 472px) 100vw, 472px\" \/><\/figure>\n\n\n\n<figure class=\"wp-block-image size-large\"><img decoding=\"async\" loading=\"lazy\" width=\"472\" height=\"1024\" src=\"https:\/\/pinews.com.br\/wp-content\/uploads\/2025\/01\/IMG-20250117-WA0428-1-472x1024.jpg\" alt=\"\" class=\"wp-image-62029\" srcset=\"https:\/\/pinews.com.br\/wp-content\/uploads\/2025\/01\/IMG-20250117-WA0428-1-472x1024.jpg 472w, https:\/\/pinews.com.br\/wp-content\/uploads\/2025\/01\/IMG-20250117-WA0428-1-138x300.jpg 138w, https:\/\/pinews.com.br\/wp-content\/uploads\/2025\/01\/IMG-20250117-WA0428-1-708x1536.jpg 708w, https:\/\/pinews.com.br\/wp-content\/uploads\/2025\/01\/IMG-20250117-WA0428-1.jpg 738w\" sizes=\"(max-width: 472px) 100vw, 472px\" \/><\/figure>\n\n\n\n<figure class=\"wp-block-image size-large\"><img decoding=\"async\" loading=\"lazy\" width=\"472\" height=\"1024\" src=\"https:\/\/pinews.com.br\/wp-content\/uploads\/2025\/01\/IMG-20250117-WA0413-472x1024.jpg\" alt=\"\" class=\"wp-image-62030\" srcset=\"https:\/\/pinews.com.br\/wp-content\/uploads\/2025\/01\/IMG-20250117-WA0413-472x1024.jpg 472w, https:\/\/pinews.com.br\/wp-content\/uploads\/2025\/01\/IMG-20250117-WA0413-138x300.jpg 138w, https:\/\/pinews.com.br\/wp-content\/uploads\/2025\/01\/IMG-20250117-WA0413-708x1536.jpg 708w, https:\/\/pinews.com.br\/wp-content\/uploads\/2025\/01\/IMG-20250117-WA0413.jpg 738w\" sizes=\"(max-width: 472px) 100vw, 472px\" \/><\/figure>\n\n\n\n<p><strong>Fonte: Portal NPM<\/strong><\/p>\n","protected":false},"excerpt":{"rendered":"<p>A&nbsp;Prefeitura Municipal de S\u00e3o Juli\u00e3o\u2013PI, na gest\u00e3o&nbsp;\u201cS\u00e3o Juli\u00e3o Para Todos\u201d, por meio da&nbsp;Secretaria Municipal Educa\u00e7\u00e3o, publicou na \u00faltima quarta-feira, dia 15 de janeiro, o edital de&nbsp;N\u00b0 003\/2025 do Processo Seletivo&nbsp;para contrata\u00e7\u00e3o tempor\u00e1ria em cadastro de reserva, de professores da Educa\u00e7\u00e3o Infantil, Ensino Fundamental I e Ensino Fundamental II, para as disciplinas de Portugu\u00eas, Matem\u00e1tica, Geografia, [&hellip;]<\/p>\n","protected":false},"author":1,"featured_media":62021,"comment_status":"open","ping_status":"open","sticky":false,"template":"","format":"standard","meta":{"beyondwords_generate_audio":"1","beyondwords_project_id":"","beyondwords_podcast_id":"","beyondwords_hash":"","beyondwords_error_message":"","beyondwords_disabled":"","publish_post_to_speechkit":"","speechkit_generate_audio":"","speechkit_project_id":"","speechkit_podcast_id":"","speechkit_hash":"","speechkit_error_message":"","speechkit_disabled":"","speechkit_access_key":"","speechkit_error":"","speechkit_info":"","speechkit_response":"","speechkit_retries":"","_speechkit_link":"","_speechkit_text":""},"categories":[1234,394,124,500],"tags":[7487,44,5821,499,6829,3374,350,917,958,1210,362,959,425],"jetpack_featured_media_url":"https:\/\/pinews.com.br\/wp-content\/uploads\/2025\/01\/IMG-20250103-WA0605-780x470-1.jpg","_links":{"self":[{"href":"https:\/\/pinews.com.br\/index.php\/wp-json\/wp\/v2\/posts\/62026"}],"collection":[{"href":"https:\/\/pinews.com.br\/index.php\/wp-json\/wp\/v2\/posts"}],"about":[{"href":"https:\/\/pinews.com.br\/index.php\/wp-json\/wp\/v2\/types\/post"}],"author":[{"embeddable":true,"href":"https:\/\/pinews.com.br\/index.php\/wp-json\/wp\/v2\/users\/1"}],"replies":[{"embeddable":true,"href":"https:\/\/pinews.com.br\/index.php\/wp-json\/wp\/v2\/comments?post=62026"}],"version-history":[{"count":1,"href":"https:\/\/pinews.com.br\/index.php\/wp-json\/wp\/v2\/posts\/62026\/revisions"}],"predecessor-version":[{"id":62031,"href":"https:\/\/pinews.com.br\/index.php\/wp-json\/wp\/v2\/posts\/62026\/revisions\/62031"}],"wp:featuredmedia":[{"embeddable":true,"href":"https:\/\/pinews.com.br\/index.php\/wp-json\/wp\/v2\/media\/62021"}],"wp:attachment":[{"href":"https:\/\/pinews.com.br\/index.php\/wp-json\/wp\/v2\/media?parent=62026"}],"wp:term":[{"taxonomy":"category","embeddable":true,"href":"https:\/\/pinews.com.br\/index.php\/wp-json\/wp\/v2\/categories?post=62026"},{"taxonomy":"post_tag","embeddable":true,"href":"https:\/\/pinews.com.br\/index.php\/wp-json\/wp\/v2\/tags?post=62026"}],"curies":[{"name":"wp","href":"https:\/\/api.w.org\/{rel}","templated":true}]}}