{"id":62527,"date":"2025-01-20T18:46:22","date_gmt":"2025-01-20T21:46:22","guid":{"rendered":"https:\/\/pinews.com.br\/?p=62527"},"modified":"2025-01-20T18:46:24","modified_gmt":"2025-01-20T21:46:24","slug":"rapaz-de-24-anos-e-morto-a-tiros-na-porta-de-casa-no-piaui","status":"publish","type":"post","link":"https:\/\/pinews.com.br\/index.php\/2025\/01\/20\/rapaz-de-24-anos-e-morto-a-tiros-na-porta-de-casa-no-piaui\/","title":{"rendered":"Rapaz de 24 anos \u00e9 morto a tiros na porta de casa no Piau\u00ed"},"content":{"rendered":"\n<p>Um rapaz chamado\u00a0Jos\u00e9 Randu Carlos de Sousa, de 24 anos, foi assassinato na frente da casa onde morava, na cidade de Assun\u00e7\u00e3o do Piau\u00ed, na noite de domingo (19).<\/p>\n\n\n\n<p>Segundo a Pol\u00edcia Militar, o crime aconteceu por volta das 23h40.\u00a0A av\u00f3 de Jos\u00e9 estava dentro da casa, e relatou aos policiais que ouviu gritos de uma pessoa, que disse:\u00a0&#8220;Voc\u00ea pensava que ia escapar?&#8221;.<\/p>\n\n\n\n<p>Em seguida, ela ouviu o barulho dos tiros, e logo depois o barulho de uma motocicleta se afastando. S\u00f3 ent\u00e3o ela saiu da casa, e encontrou o neto morto.<\/p>\n\n\n\n<p>A av\u00f3 de Jos\u00e9 teria ent\u00e3o puxado o corpo do neto para dentro da casa. Durante a madrugada, por volta de 4h, a m\u00e3e de Jos\u00e9 acionou a Pol\u00edcia Militar.<\/p>\n\n\n\n<p>Os policiais isolaram o local do crime e acionaram a Pol\u00edcia Cient\u00edfica. A PM fez ainda buscas pela regi\u00e3o para localizar suspeitos, mas n\u00e3o encontrou nenhum. O caso ser\u00e1 investigado pela Pol\u00edcia Civil.<\/p>\n\n\n\n<p><strong>Fonte: G1 PI<\/strong><\/p>\n","protected":false},"excerpt":{"rendered":"<p>Um rapaz chamado\u00a0Jos\u00e9 Randu Carlos de Sousa, de 24 anos, foi assassinato na frente da casa onde morava, na cidade de Assun\u00e7\u00e3o do Piau\u00ed, na noite de domingo (19). Segundo a Pol\u00edcia Militar, o crime aconteceu por volta das 23h40.\u00a0A av\u00f3 de Jos\u00e9 estava dentro da casa, e relatou aos policiais que ouviu gritos de [&hellip;]<\/p>\n","protected":false},"author":4,"featured_media":62528,"comment_status":"open","ping_status":"open","sticky":false,"template":"","format":"standard","meta":{"beyondwords_generate_audio":"","beyondwords_project_id":"","beyondwords_podcast_id":"","beyondwords_hash":"","beyondwords_error_message":"","beyondwords_disabled":"","publish_post_to_speechkit":"","speechkit_generate_audio":"","speechkit_project_id":"","speechkit_podcast_id":"","speechkit_hash":"","speechkit_error_message":"","speechkit_disabled":"","speechkit_access_key":"","speechkit_error":"","speechkit_info":"","speechkit_response":"","speechkit_retries":"","_speechkit_link":"","_speechkit_text":""},"categories":[51,78],"tags":[671,82,149,44,72,197,91,52,1793,5930,165],"jetpack_featured_media_url":"https:\/\/pinews.com.br\/wp-content\/uploads\/2025\/01\/whatsapp-image-2022-09-16-at-15.05.53.jpeg","_links":{"self":[{"href":"https:\/\/pinews.com.br\/index.php\/wp-json\/wp\/v2\/posts\/62527"}],"collection":[{"href":"https:\/\/pinews.com.br\/index.php\/wp-json\/wp\/v2\/posts"}],"about":[{"href":"https:\/\/pinews.com.br\/index.php\/wp-json\/wp\/v2\/types\/post"}],"author":[{"embeddable":true,"href":"https:\/\/pinews.com.br\/index.php\/wp-json\/wp\/v2\/users\/4"}],"replies":[{"embeddable":true,"href":"https:\/\/pinews.com.br\/index.php\/wp-json\/wp\/v2\/comments?post=62527"}],"version-history":[{"count":1,"href":"https:\/\/pinews.com.br\/index.php\/wp-json\/wp\/v2\/posts\/62527\/revisions"}],"predecessor-version":[{"id":62529,"href":"https:\/\/pinews.com.br\/index.php\/wp-json\/wp\/v2\/posts\/62527\/revisions\/62529"}],"wp:featuredmedia":[{"embeddable":true,"href":"https:\/\/pinews.com.br\/index.php\/wp-json\/wp\/v2\/media\/62528"}],"wp:attachment":[{"href":"https:\/\/pinews.com.br\/index.php\/wp-json\/wp\/v2\/media?parent=62527"}],"wp:term":[{"taxonomy":"category","embeddable":true,"href":"https:\/\/pinews.com.br\/index.php\/wp-json\/wp\/v2\/categories?post=62527"},{"taxonomy":"post_tag","embeddable":true,"href":"https:\/\/pinews.com.br\/index.php\/wp-json\/wp\/v2\/tags?post=62527"}],"curies":[{"name":"wp","href":"https:\/\/api.w.org\/{rel}","templated":true}]}}