{"id":62619,"date":"2025-01-29T12:49:28","date_gmt":"2025-01-29T15:49:28","guid":{"rendered":"https:\/\/pinews.com.br\/?p=62619"},"modified":"2025-01-29T12:49:31","modified_gmt":"2025-01-29T15:49:31","slug":"idosa-de-103-anos-tem-pe-amputado-sem-anestesia-em-cirurgia-realizada-por-enfermeira","status":"publish","type":"post","link":"https:\/\/pinews.com.br\/index.php\/2025\/01\/29\/idosa-de-103-anos-tem-pe-amputado-sem-anestesia-em-cirurgia-realizada-por-enfermeira\/","title":{"rendered":"Idosa de 103 anos tem p\u00e9 amputado sem anestesia em cirurgia realizada por enfermeira"},"content":{"rendered":"\n<p>A Pol\u00edcia Civil do Distrito Federal (PCDF) investiga o caso de uma idosa de 103 anos que teve o p\u00e9 amputado sem anestesia durante uma cirurgia irregular realizada dentro de seu apartamento na Asa Norte, em Bras\u00edlia.<\/p>\n\n\n\n<p>A opera\u00e7\u00e3o foi conduzida por uma enfermeira, que foi incentivada e contratada pelo pr\u00f3prio filho da v\u00edtima. A profissional n\u00e3o teria habilita\u00e7\u00e3o para esse tipo de procedimento e contou com o aux\u00edlio de outra colega de profiss\u00e3o.<\/p>\n\n\n\n<p>Durante a cirurgia, o filho enganava a senhora, dizendo para a m\u00e3e que era uma pod\u00f3loga que tiraria uma unha encravada.<\/p>\n\n\n\n<p>Depois que o p\u00e9 foi cortado, a enfermeira tentou descartar o membro em um hospital particular, mas encontrou dificuldades e decidiu se livrar da parte do corpo em uma unidade hospitalar p\u00fablica, conforme conversas no WhatsApp a que o SBT teve acesso.<\/p>\n\n\n\n<p>A den\u00fancia foi formalizada pelo Instituto EVA, que cuida de mulheres em situa\u00e7\u00e3o de vulnerabilidade.<\/p>\n\n\n\n<p>&#8220;O pior \u00e9 a seda\u00e7\u00e3o da senhora. A pergunta que fica \u00e9 onde est\u00e1 o p\u00e9 dessa senhora, o que foi feito com esse material, quais s\u00e3o as circunst\u00e2ncias desse procedimento?&#8221;, questiona o advogado F\u00e1bio \u00c1vila, do instituto.<\/p>\n\n\n\n<p>O SBT News pediu posicionamento do Conselho Regional de Enfermagem do Distrito Federal (Coren-DF) e aguarda resposta.<\/p>\n\n\n\n<figure class=\"wp-block-embed is-type-video is-provider-youtube wp-block-embed-youtube wp-embed-aspect-16-9 wp-has-aspect-ratio\"><div class=\"wp-block-embed__wrapper\">\n<iframe loading=\"lazy\" title=\"Idosa de 103 anos tem p\u00e9 amputado em casa e sem anestesia | Primeiro Impacto (29\/01\/25)\" width=\"1170\" height=\"658\" src=\"https:\/\/www.youtube.com\/embed\/cYGsUVcFluA?feature=oembed\" frameborder=\"0\" allow=\"accelerometer; autoplay; clipboard-write; encrypted-media; gyroscope; picture-in-picture; web-share\" referrerpolicy=\"strict-origin-when-cross-origin\" allowfullscreen><\/iframe>\n<\/div><\/figure>\n\n\n\n<p><strong>Fonte: SBT News <\/strong><\/p>\n","protected":false},"excerpt":{"rendered":"<p>A Pol\u00edcia Civil do Distrito Federal (PCDF) investiga o caso de uma idosa de 103 anos que teve o p\u00e9 amputado sem anestesia durante uma cirurgia irregular realizada dentro de seu apartamento na Asa Norte, em Bras\u00edlia. A opera\u00e7\u00e3o foi conduzida por uma enfermeira, que foi incentivada e contratada pelo pr\u00f3prio filho da v\u00edtima. A [&hellip;]<\/p>\n","protected":false},"author":4,"featured_media":62621,"comment_status":"open","ping_status":"open","sticky":false,"template":"","format":"standard","meta":{"beyondwords_generate_audio":"","beyondwords_project_id":"","beyondwords_podcast_id":"","beyondwords_hash":"","beyondwords_error_message":"","beyondwords_disabled":"","publish_post_to_speechkit":"","speechkit_generate_audio":"","speechkit_project_id":"","speechkit_podcast_id":"","speechkit_hash":"","speechkit_error_message":"","speechkit_disabled":"","speechkit_access_key":"","speechkit_error":"","speechkit_info":"","speechkit_response":"","speechkit_retries":"","_speechkit_link":"","_speechkit_text":""},"categories":[134,78],"tags":[7004,7272,12552,82,181,44,46,781,340,306,59,186,975,60],"jetpack_featured_media_url":"https:\/\/pinews.com.br\/wp-content\/uploads\/2025\/01\/images-11.jpeg","_links":{"self":[{"href":"https:\/\/pinews.com.br\/index.php\/wp-json\/wp\/v2\/posts\/62619"}],"collection":[{"href":"https:\/\/pinews.com.br\/index.php\/wp-json\/wp\/v2\/posts"}],"about":[{"href":"https:\/\/pinews.com.br\/index.php\/wp-json\/wp\/v2\/types\/post"}],"author":[{"embeddable":true,"href":"https:\/\/pinews.com.br\/index.php\/wp-json\/wp\/v2\/users\/4"}],"replies":[{"embeddable":true,"href":"https:\/\/pinews.com.br\/index.php\/wp-json\/wp\/v2\/comments?post=62619"}],"version-history":[{"count":1,"href":"https:\/\/pinews.com.br\/index.php\/wp-json\/wp\/v2\/posts\/62619\/revisions"}],"predecessor-version":[{"id":62622,"href":"https:\/\/pinews.com.br\/index.php\/wp-json\/wp\/v2\/posts\/62619\/revisions\/62622"}],"wp:featuredmedia":[{"embeddable":true,"href":"https:\/\/pinews.com.br\/index.php\/wp-json\/wp\/v2\/media\/62621"}],"wp:attachment":[{"href":"https:\/\/pinews.com.br\/index.php\/wp-json\/wp\/v2\/media?parent=62619"}],"wp:term":[{"taxonomy":"category","embeddable":true,"href":"https:\/\/pinews.com.br\/index.php\/wp-json\/wp\/v2\/categories?post=62619"},{"taxonomy":"post_tag","embeddable":true,"href":"https:\/\/pinews.com.br\/index.php\/wp-json\/wp\/v2\/tags?post=62619"}],"curies":[{"name":"wp","href":"https:\/\/api.w.org\/{rel}","templated":true}]}}