{"id":62648,"date":"2025-01-31T21:01:44","date_gmt":"2025-02-01T00:01:44","guid":{"rendered":"https:\/\/pinews.com.br\/?p=62648"},"modified":"2025-01-31T21:01:46","modified_gmt":"2025-02-01T00:01:46","slug":"consumidor-continuara-sem-cobranca-extra-na-conta-de-luz-em-fevereiro","status":"publish","type":"post","link":"https:\/\/pinews.com.br\/index.php\/2025\/01\/31\/consumidor-continuara-sem-cobranca-extra-na-conta-de-luz-em-fevereiro\/","title":{"rendered":"Consumidor continuar\u00e1 sem cobran\u00e7a extra na conta de luz em fevereiro"},"content":{"rendered":"\n<p>A Ag\u00eancia Nacional de Energia El\u00e9trica (Aneel) decidiu manter em fevereiro a bandeira verde, a menos onerosa, para a cobran\u00e7a pelo fornecimento de energia el\u00e9trica pelo Sistema Interligado Nacional (SIN). Ser\u00e1 a terceira vez consecutiva em que a tarifa mensal n\u00e3o sofrer\u00e1 nenhum acr\u00e9scimo.<img decoding=\"async\" src=\"https:\/\/agenciabrasil.ebc.com.br\/ebc.png?id=1628699&amp;o=node\"><img decoding=\"async\" src=\"https:\/\/agenciabrasil.ebc.com.br\/ebc.gif?id=1628699&amp;o=node\"><\/p>\n\n\n\n<p>A cor da bandeira decidida m\u00eas a m\u00eas reflete a varia\u00e7\u00e3o dos custos de gera\u00e7\u00e3o de energia aferida pelo Operador Nacional do Sistema El\u00e9trico (ONS), que define a melhor estrat\u00e9gia de gera\u00e7\u00e3o de energia para atendimento da demanda.<\/p>\n\n\n\n<p>Nos meses chuvosos no Brasil, como novembro, dezembro e janeiro, os reservat\u00f3rios das usinas hidrel\u00e9tricas alcan\u00e7am maior volume, o que dispensa gera\u00e7\u00e3o de energia pelas termoel\u00e9tricas, mais caras \u2013&nbsp;al\u00e9m de poluentes por causa do uso de combust\u00edvel f\u00f3ssil.<\/p>\n\n\n\n<p>O sistema de bandeiras, criado em 2015, funciona como um sinal de tr\u00e2nsito e informa ao consumidor a necessidade de economia de luz em raz\u00e3o da varia\u00e7\u00e3o do pre\u00e7o para a produ\u00e7\u00e3o de energia el\u00e9trica.<\/p>\n\n\n\n<p><strong>Fonte: Ag\u00eancia Brasil <\/strong><\/p>\n","protected":false},"excerpt":{"rendered":"<p>A Ag\u00eancia Nacional de Energia El\u00e9trica (Aneel) decidiu manter em fevereiro a bandeira verde, a menos onerosa, para a cobran\u00e7a pelo fornecimento de energia el\u00e9trica pelo Sistema Interligado Nacional (SIN). Ser\u00e1 a terceira vez consecutiva em que a tarifa mensal n\u00e3o sofrer\u00e1 nenhum acr\u00e9scimo. A cor da bandeira decidida m\u00eas a m\u00eas reflete a varia\u00e7\u00e3o [&hellip;]<\/p>\n","protected":false},"author":4,"featured_media":62649,"comment_status":"open","ping_status":"open","sticky":false,"template":"","format":"standard","meta":{"beyondwords_generate_audio":"","beyondwords_project_id":"","beyondwords_podcast_id":"","beyondwords_hash":"","beyondwords_error_message":"","beyondwords_disabled":"","publish_post_to_speechkit":"","speechkit_generate_audio":"","speechkit_project_id":"","speechkit_podcast_id":"","speechkit_hash":"","speechkit_error_message":"","speechkit_disabled":"","speechkit_access_key":"","speechkit_error":"","speechkit_info":"","speechkit_response":"","speechkit_retries":"","_speechkit_link":"","_speechkit_text":""},"categories":[516,134],"tags":[817,7796,6395,7651,44,46,952,1786,5792,91,975],"jetpack_featured_media_url":"https:\/\/pinews.com.br\/wp-content\/uploads\/2025\/01\/energia_eletrica_interruptor_de_luz_energia070720211248.webp","_links":{"self":[{"href":"https:\/\/pinews.com.br\/index.php\/wp-json\/wp\/v2\/posts\/62648"}],"collection":[{"href":"https:\/\/pinews.com.br\/index.php\/wp-json\/wp\/v2\/posts"}],"about":[{"href":"https:\/\/pinews.com.br\/index.php\/wp-json\/wp\/v2\/types\/post"}],"author":[{"embeddable":true,"href":"https:\/\/pinews.com.br\/index.php\/wp-json\/wp\/v2\/users\/4"}],"replies":[{"embeddable":true,"href":"https:\/\/pinews.com.br\/index.php\/wp-json\/wp\/v2\/comments?post=62648"}],"version-history":[{"count":1,"href":"https:\/\/pinews.com.br\/index.php\/wp-json\/wp\/v2\/posts\/62648\/revisions"}],"predecessor-version":[{"id":62650,"href":"https:\/\/pinews.com.br\/index.php\/wp-json\/wp\/v2\/posts\/62648\/revisions\/62650"}],"wp:featuredmedia":[{"embeddable":true,"href":"https:\/\/pinews.com.br\/index.php\/wp-json\/wp\/v2\/media\/62649"}],"wp:attachment":[{"href":"https:\/\/pinews.com.br\/index.php\/wp-json\/wp\/v2\/media?parent=62648"}],"wp:term":[{"taxonomy":"category","embeddable":true,"href":"https:\/\/pinews.com.br\/index.php\/wp-json\/wp\/v2\/categories?post=62648"},{"taxonomy":"post_tag","embeddable":true,"href":"https:\/\/pinews.com.br\/index.php\/wp-json\/wp\/v2\/tags?post=62648"}],"curies":[{"name":"wp","href":"https:\/\/api.w.org\/{rel}","templated":true}]}}