{"id":62700,"date":"2025-02-03T21:15:44","date_gmt":"2025-02-04T00:15:44","guid":{"rendered":"https:\/\/pinews.com.br\/?p=62700"},"modified":"2025-02-03T21:15:47","modified_gmt":"2025-02-04T00:15:47","slug":"bebe-encontrado-morto-em-inhuma-tinha-fratura-no-cranio-diz-pericia","status":"publish","type":"post","link":"https:\/\/pinews.com.br\/index.php\/2025\/02\/03\/bebe-encontrado-morto-em-inhuma-tinha-fratura-no-cranio-diz-pericia\/","title":{"rendered":"Beb\u00ea encontrado morto em Inhuma tinha fratura no cr\u00e2nio, diz per\u00edcia"},"content":{"rendered":"\n<p>O beb\u00ea encontrado morto na cidade de Inhuma\u00a0apresentava fratura no cr\u00e2nio. A informa\u00e7\u00e3o foi confirmada pela per\u00edcia ao\u00a0Cidadeverde.com. A natureza das fraturas est\u00e1 sendo investigada pelos peritos que trabalham no caso.<\/p>\n\n\n\n<p>O corpo do beb\u00ea do sexo feminino foi encontrado no \u00faltimo s\u00e1bado (1\u00ba)\u00a0ao lado da suposta m\u00e3e, de 19 anos, que foi socorrida por uma equipe do Servi\u00e7o de Atendimento M\u00e9dico de Urg\u00eancia (Samu) e encaminhada ao Hospital Inhazinha Nunes, no pr\u00f3prio munic\u00edpio, que fica a cerca de 270 quil\u00f4metros de Teresina.<\/p>\n\n\n\n<p>Segundo o delegado F\u00e1bio Rodrigues, titular da delegacia de Inhuma,\u00a0a m\u00e3e e o beb\u00ea foram encontrados lado a lado. A m\u00e3e estava desmaiada e ensanguentada e o beb\u00ea sem vida coberto por folhas.<\/p>\n\n\n\n<blockquote class=\"wp-block-quote\">\n<p>&#8220;Ela avisou para a m\u00e3e dela que iria sair de casa para fazer as necessidades, isso \u00e9 costume da localidade, l\u00e1 \u00e9 muito prec\u00e1rio. Ela saiu e foi para o mato. A m\u00e3e percebeu que a filha demorou demais e foi a procura dela e a encontrou desmaiada e ensanguentada ao lado do corpo do bebe , meio que encoberto por folhas&#8221;, disse.<\/p>\n<\/blockquote>\n\n\n\n<p>O Samu foi acionado e socorreu a suposta m\u00e3e e recolheu o corpo do beb\u00ea. O delegado que investiga o caso ainda n\u00e3o teve acesso ao laudo da per\u00edcia e preferiu n\u00e3o falar sobre a causa da morte do beb\u00ea.<\/p>\n\n\n\n<blockquote class=\"wp-block-quote\">\n<p>&#8220;Ent\u00e3o, preferimos n\u00e3o nos precipitar. Vamos aguardar o laudo t\u00e9cnico pericial&#8221;, finalizou.<\/p>\n<\/blockquote>\n\n\n\n<p>O inqu\u00e9rito foi instaurado e as testemunhas est\u00e3o sendo ouvidas pela Pol\u00edcia Civil. A m\u00e3e ainda n\u00e3o foi ouvida pelo delegado, ela\u00a0permanece internada no Hospital Regional Justino Luz, na cidade de Picos, para onde foi transferida. A paciente deve repetir exames e ser\u00e1 reavaliada pela equipe de obstetr\u00edcia da unidade de sa\u00fade.\u00a0<\/p>\n\n\n\n<p><strong>Fonte: Adriana Magalh\u00e3es e Paula Monize\/ Cidade Verde <\/strong><\/p>\n","protected":false},"excerpt":{"rendered":"<p>O beb\u00ea encontrado morto na cidade de Inhuma\u00a0apresentava fratura no cr\u00e2nio. A informa\u00e7\u00e3o foi confirmada pela per\u00edcia ao\u00a0Cidadeverde.com. A natureza das fraturas est\u00e1 sendo investigada pelos peritos que trabalham no caso. O corpo do beb\u00ea do sexo feminino foi encontrado no \u00faltimo s\u00e1bado (1\u00ba)\u00a0ao lado da suposta m\u00e3e, de 19 anos, que foi socorrida por [&hellip;]<\/p>\n","protected":false},"author":4,"featured_media":62701,"comment_status":"open","ping_status":"open","sticky":false,"template":"","format":"standard","meta":{"beyondwords_generate_audio":"1","beyondwords_project_id":"","beyondwords_podcast_id":"","beyondwords_hash":"","beyondwords_error_message":"","beyondwords_disabled":"","publish_post_to_speechkit":"","speechkit_generate_audio":"","speechkit_project_id":"","speechkit_podcast_id":"","speechkit_hash":"","speechkit_error_message":"","speechkit_disabled":"","speechkit_access_key":"","speechkit_error":"","speechkit_info":"","speechkit_response":"","speechkit_retries":"","_speechkit_link":"","_speechkit_text":""},"categories":[51,78],"tags":[113,1968,683,46,200,161,718,197,5569,5320],"jetpack_featured_media_url":"https:\/\/pinews.com.br\/wp-content\/uploads\/2025\/02\/f263611789abe61e77a302b7117c3a81.jpg","_links":{"self":[{"href":"https:\/\/pinews.com.br\/index.php\/wp-json\/wp\/v2\/posts\/62700"}],"collection":[{"href":"https:\/\/pinews.com.br\/index.php\/wp-json\/wp\/v2\/posts"}],"about":[{"href":"https:\/\/pinews.com.br\/index.php\/wp-json\/wp\/v2\/types\/post"}],"author":[{"embeddable":true,"href":"https:\/\/pinews.com.br\/index.php\/wp-json\/wp\/v2\/users\/4"}],"replies":[{"embeddable":true,"href":"https:\/\/pinews.com.br\/index.php\/wp-json\/wp\/v2\/comments?post=62700"}],"version-history":[{"count":1,"href":"https:\/\/pinews.com.br\/index.php\/wp-json\/wp\/v2\/posts\/62700\/revisions"}],"predecessor-version":[{"id":62702,"href":"https:\/\/pinews.com.br\/index.php\/wp-json\/wp\/v2\/posts\/62700\/revisions\/62702"}],"wp:featuredmedia":[{"embeddable":true,"href":"https:\/\/pinews.com.br\/index.php\/wp-json\/wp\/v2\/media\/62701"}],"wp:attachment":[{"href":"https:\/\/pinews.com.br\/index.php\/wp-json\/wp\/v2\/media?parent=62700"}],"wp:term":[{"taxonomy":"category","embeddable":true,"href":"https:\/\/pinews.com.br\/index.php\/wp-json\/wp\/v2\/categories?post=62700"},{"taxonomy":"post_tag","embeddable":true,"href":"https:\/\/pinews.com.br\/index.php\/wp-json\/wp\/v2\/tags?post=62700"}],"curies":[{"name":"wp","href":"https:\/\/api.w.org\/{rel}","templated":true}]}}