{"id":62817,"date":"2025-02-13T13:22:57","date_gmt":"2025-02-13T16:22:57","guid":{"rendered":"https:\/\/pinews.com.br\/?p=62817"},"modified":"2025-02-13T13:23:00","modified_gmt":"2025-02-13T16:23:00","slug":"mulher-e-esfaqueada-no-pescoco-pelo-vizinho-enquanto-estava-na-calcada-de-casa-em-picos","status":"publish","type":"post","link":"https:\/\/pinews.com.br\/index.php\/2025\/02\/13\/mulher-e-esfaqueada-no-pescoco-pelo-vizinho-enquanto-estava-na-calcada-de-casa-em-picos\/","title":{"rendered":"Mulher \u00e9 esfaqueada no pesco\u00e7o pelo vizinho enquanto estava na cal\u00e7ada de casa, em Picos"},"content":{"rendered":"\n<p>ma mulher identificada como Isamara foi esfaqueada no pesco\u00e7o no final da noite desta quarta-feira (12), enquanto estava sentada na cal\u00e7ada de sua resid\u00eancia na Rua Nossa Senhora Aparecida, no bairro Morro da AABB, em Picos (PI).<\/p>\n\n\n\n<p>Segundo relatos de familiares, a v\u00edtima conversava com amigos quando o vizinho se aproximou e a atacou com um golpe de faca. Isamara teria virado o rosto no momento exato do golpe, o que evitou um ferimento ainda mais grave.<\/p>\n\n\n\n<p>A mulher foi socorrida por populares e encaminhada ao Hospital Regional Justino Luz (HRJL), onde passou por um procedimento de sutura e permanece em observa\u00e7\u00e3o. Al\u00e9m disso, foi submetida a exame de corpo de delito para a formaliza\u00e7\u00e3o do registro do crime.<\/p>\n\n\n\n<p>O autor do ataque, que n\u00e3o teve a identidade revelada, foi localizado e preso em flagrante pela Pol\u00edcia Militar. Os amigos da v\u00edtima tentaram intercept\u00e1-lo, mas ele conseguiu fugir momentaneamente, sendo encontrado pouco tempo depois nas imedia\u00e7\u00f5es.<\/p>\n\n\n\n<p><strong>Fonte: Riachaonet <\/strong><\/p>\n","protected":false},"excerpt":{"rendered":"<p>ma mulher identificada como Isamara foi esfaqueada no pesco\u00e7o no final da noite desta quarta-feira (12), enquanto estava sentada na cal\u00e7ada de sua resid\u00eancia na Rua Nossa Senhora Aparecida, no bairro Morro da AABB, em Picos (PI). Segundo relatos de familiares, a v\u00edtima conversava com amigos quando o vizinho se aproximou e a atacou com [&hellip;]<\/p>\n","protected":false},"author":4,"featured_media":62818,"comment_status":"open","ping_status":"open","sticky":false,"template":"","format":"standard","meta":{"beyondwords_generate_audio":"1","beyondwords_project_id":"","beyondwords_podcast_id":"","beyondwords_hash":"","beyondwords_error_message":"","beyondwords_disabled":"","publish_post_to_speechkit":"","speechkit_generate_audio":"","speechkit_project_id":"","speechkit_podcast_id":"","speechkit_hash":"","speechkit_error_message":"","speechkit_disabled":"","speechkit_access_key":"","speechkit_error":"","speechkit_info":"","speechkit_response":"","speechkit_retries":"","_speechkit_link":"","_speechkit_text":""},"categories":[51,126,78],"tags":[469,149,44,72,46,510,2016,201,135,91,137,1399,125,1257],"jetpack_featured_media_url":"https:\/\/pinews.com.br\/wp-content\/uploads\/2025\/02\/morro-aabb-picos-780x470-1.webp","_links":{"self":[{"href":"https:\/\/pinews.com.br\/index.php\/wp-json\/wp\/v2\/posts\/62817"}],"collection":[{"href":"https:\/\/pinews.com.br\/index.php\/wp-json\/wp\/v2\/posts"}],"about":[{"href":"https:\/\/pinews.com.br\/index.php\/wp-json\/wp\/v2\/types\/post"}],"author":[{"embeddable":true,"href":"https:\/\/pinews.com.br\/index.php\/wp-json\/wp\/v2\/users\/4"}],"replies":[{"embeddable":true,"href":"https:\/\/pinews.com.br\/index.php\/wp-json\/wp\/v2\/comments?post=62817"}],"version-history":[{"count":1,"href":"https:\/\/pinews.com.br\/index.php\/wp-json\/wp\/v2\/posts\/62817\/revisions"}],"predecessor-version":[{"id":62819,"href":"https:\/\/pinews.com.br\/index.php\/wp-json\/wp\/v2\/posts\/62817\/revisions\/62819"}],"wp:featuredmedia":[{"embeddable":true,"href":"https:\/\/pinews.com.br\/index.php\/wp-json\/wp\/v2\/media\/62818"}],"wp:attachment":[{"href":"https:\/\/pinews.com.br\/index.php\/wp-json\/wp\/v2\/media?parent=62817"}],"wp:term":[{"taxonomy":"category","embeddable":true,"href":"https:\/\/pinews.com.br\/index.php\/wp-json\/wp\/v2\/categories?post=62817"},{"taxonomy":"post_tag","embeddable":true,"href":"https:\/\/pinews.com.br\/index.php\/wp-json\/wp\/v2\/tags?post=62817"}],"curies":[{"name":"wp","href":"https:\/\/api.w.org\/{rel}","templated":true}]}}