{"id":62990,"date":"2025-02-25T18:49:45","date_gmt":"2025-02-25T21:49:45","guid":{"rendered":"https:\/\/pinews.com.br\/?p=62990"},"modified":"2025-02-25T18:49:47","modified_gmt":"2025-02-25T21:49:47","slug":"governo-anuncia-vacina-100-nacional-contra-a-dengue-no-sus-em-2026","status":"publish","type":"post","link":"https:\/\/pinews.com.br\/index.php\/2025\/02\/25\/governo-anuncia-vacina-100-nacional-contra-a-dengue-no-sus-em-2026\/","title":{"rendered":"Governo anuncia vacina 100% nacional contra a dengue no SUS em 2026"},"content":{"rendered":"\n<p>O presidente Luiz In\u00e1cio Lula da Silva e a ministra da Sa\u00fade, N\u00edsia Trindade, anunciaram nesta ter\u00e7a-feira (25), em Bras\u00edlia, a produ\u00e7\u00e3o &#8211; em larga escala &#8211; da\u00a0primeira vacina 100% nacional e de dose \u00fanica contra a dengue.<img decoding=\"async\" src=\"https:\/\/agenciabrasil.ebc.com.br\/ebc.png?id=1631752&amp;o=node\"><img decoding=\"async\" src=\"https:\/\/agenciabrasil.ebc.com.br\/ebc.gif?id=1631752&amp;o=node\"><\/p>\n\n\n\n<p>A\u00a0previs\u00e3o \u00e9 que,\u00a0a partir de 2026,\u00a0sejam ofertadas 60 milh\u00f5es de doses anuais, com possibilidade de amplia\u00e7\u00e3o do quantitativo conforme demanda e capacidade produtiva.<\/p>\n\n\n\n<blockquote class=\"wp-block-quote\">\n<p>\u201cA gente espera, em dois anos, poder vacinar toda a popula\u00e7\u00e3o eleg\u00edvel [de 2 a 59 anos]\u201d, disse a ministra, durante cerim\u00f4nia no Pal\u00e1cio do Planalto.<\/p>\n<\/blockquote>\n\n\n\n<p>\u201cPor enquanto, os idosos ainda n\u00e3o poder\u00e3o tomar a vacina porque, quando as vacinas s\u00e3o testadas, h\u00e1 sempre um cuidado com a popula\u00e7\u00e3o idosa\u201d, explicou N\u00edsia, ao se referir \u00e0s fases de testes cl\u00ednicos de imunizantes.<\/p>\n\n\n\n<p>A Ag\u00eancia Nacional de Vigil\u00e2ncia Sanit\u00e1ria (Anvisa)\u00a0ainda avalia o pedido de registro do imunizante, feito pelo Instituto Butantan em dezembro de 2024. H\u00e1 cerca de duas semanas, a ag\u00eancia solicitou mais informa\u00e7\u00f5es e dados complementares sobre a vacina e informou que foi conclu\u00edda, de forma antecipada, a an\u00e1lise de dados de qualidade, seguran\u00e7a e efic\u00e1cia apresentados.<\/p>\n\n\n\n<h2>Produ\u00e7\u00e3o em larga escala<\/h2>\n\n\n\n<p>Segundo o governo federal, a partir de uma parceria entre o Instituto Butantan e a empresa\u00a0<em>WuXi Biologics<\/em>, a produ\u00e7\u00e3o em larga escala da vacina 100% nacional e de dose \u00fanica contra a dengue se dar\u00e1 por meio do\u00a0Programa de Desenvolvimento e Inova\u00e7\u00e3o Local\u00a0do Minist\u00e9rio da Sa\u00fade, j\u00e1 aprovado e em fase final de desenvolvimento tecnol\u00f3gico.<\/p>\n\n\n\n<p>Sob a coordena\u00e7\u00e3o do minist\u00e9rio, por meio do\u00a0Complexo Econ\u00f4mico-Industrial da Sa\u00fade, o projeto contou, ainda, com o apoio do Banco Nacional de Desenvolvimento Econ\u00f4mico e Social (BNDES) no financiamento da pesquisa cl\u00ednica.<\/p>\n\n\n\n<p>\u201cO Minist\u00e9rio da Sa\u00fade entrar\u00e1 com o poder de compra\u201d, destacou a ministra, ao citar a visita de uma equipe da pasta \u00e0 China para \u201cassumir o compromisso que, de fato, haver\u00e1 essa compra pelo governo federal\u201d.<\/p>\n\n\n\n<blockquote class=\"wp-block-quote\">\n<p>\u201cCom isso, teremos a possibilidade de vacinar a popula\u00e7\u00e3o brasileira dentro da faixa que for recomendada pela Anvisa para a dengue, um fato \u00fanico no mundo at\u00e9 agora\u201d, acrescentou. &nbsp;<\/p>\n<\/blockquote>\n\n\n\n<p>O investimento, segundo Nisia, \u00e9 de R$ 1,26 bilh\u00e3o. Tamb\u00e9m est\u00e3o previstos R$ 68 milh\u00f5es em estudos cl\u00ednicos para ampliar a faixa et\u00e1ria a ser imunizada e incluir idosos, al\u00e9m de avaliar a coadministra\u00e7\u00e3o da dose contra a dengue com a\u00a0vacina contra o\u00a0<em>Chikungunya<\/em>, tamb\u00e9m desenvolvida pelo Instituto Butantan.<\/p>\n\n\n\n<h2>Preven\u00e7\u00e3o<\/h2>\n\n\n\n<p>Ainda de acordo com o governo federal, a\u00a0vacina segue como prioridade no enfrentamento \u00e0 dengue no pa\u00eds. Entretanto, at\u00e9 que a vacina\u00e7\u00e3o em massa aconte\u00e7a, a\u00a0orienta\u00e7\u00e3o \u00e9 manter o refor\u00e7o de a\u00e7\u00f5es de preven\u00e7\u00e3o, vigil\u00e2ncia e prepara\u00e7\u00e3o da rede de assist\u00eancia, visando evitar mortes.<\/p>\n\n\n\n<p>Dados do\u00a0Painel de Monitoramento das Arboviroses\u00a0indicam que, em 2025, o Brasil registra 401.408 casos prov\u00e1veis de dengue e 160 \u00f3bitos confirmados pela doen\u00e7a, al\u00e9m de 387 em investiga\u00e7\u00e3o. O coeficiente de incid\u00eancia, neste momento, \u00e9 de 188,8 casos para cada 100 mil habitantes.<\/p>\n\n\n\n<h2>Insulina&nbsp;<em>Glargina<\/em><\/h2>\n\n\n\n<p>O governo federal tamb\u00e9m anunciou, em Bras\u00edlia, a\u00a0fabrica\u00e7\u00e3o nacional da insulina\u00a0<em>Glargina<\/em>\u00a0como parte do Programa de Parcerias para o Desenvolvimento Produtivo (PDP), do Minist\u00e9rio da Sa\u00fade. O projeto envolve a produ\u00e7\u00e3o nacional do insumo farmac\u00eautico ativo (IFA) pela Funda\u00e7\u00e3o Oswaldo Cruz (Fiocruz) e a amplia\u00e7\u00e3o da fabrica\u00e7\u00e3o do produto final pela Biomm, empresa que recebeu o registro para a produ\u00e7\u00e3o de insulina\u00a0<em>Glargina<\/em>.<\/p>\n\n\n\n<p>\u201cA produ\u00e7\u00e3o do IFA ser\u00e1 realizada na planta da Fiocruz em Eus\u00e9bio, no Cear\u00e1, fortalecendo o Complexo Econ\u00f4mico-Industrial da Sa\u00fade (CEIS) e incentivando o desenvolvimento regional. Esta ser\u00e1 a primeira planta produtiva de IFA de insulina da Am\u00e9rica Latina, assegurando ao Brasil uma cadeia produtiva completa para o abastecimento do SUS\u201d, destacou o Minist\u00e9rio da Sa\u00fade, em nota.<\/p>\n\n\n\n<p>A previs\u00e3o \u00e9 que a produ\u00e7\u00e3o de insulina da Biomm possa atingir 70 milh\u00f5es de unidades anuais ao final do projeto. O primeiro fornecimento dessa parceria ao SUS est\u00e1 previsto para o segundo semestre de 2025.<\/p>\n\n\n\n<h2>V\u00edrus sincicial respirat\u00f3rio<\/h2>\n\n\n\n<p>Outro an\u00fancio trata de uma parceria entre o Instituto Butantan e a Pfizer que vai permitir a\u00a0produ\u00e7\u00e3o de at\u00e9 8 milh\u00f5es de doses anuais da vacina contra o\u00a0V\u00edrus Sincicial Respirat\u00f3rio (VSR)\u00a0no Brasil, atendendo \u00e0 demanda atual do SUS e possibilitando a amplia\u00e7\u00e3o do p\u00fablico-alvo, incluindo a popula\u00e7\u00e3o idosa. O investimento total \u00e9 de R$ 1,26 bilh\u00e3o entre 2023 a 2027.<\/p>\n\n\n\n<p>O minist\u00e9rio estima&nbsp;que, por meio da imuniza\u00e7\u00e3o, ser\u00e3o evitadas 28 mil interna\u00e7\u00f5es anuais causadas por complica\u00e7\u00f5es do VSR. O primeiro fornecimento da vacina para o SUS est\u00e1 previsto para o segundo semestre de 2025. A estrat\u00e9gia adotada pelo minist\u00e9rio inclui ainda a negocia\u00e7\u00e3o de pre\u00e7os com os produtores, a incorpora\u00e7\u00e3o de anticorpos contra o v\u00edrus para beb\u00eas prematuros e a oferta da vacina para gestantes.<\/p>\n\n\n\n<h2>Influenza<\/h2>\n\n\n\n<p>O&nbsp;governo federal informou que as parcerias firmadas tamb\u00e9m v\u00e3o garantir inova\u00e7\u00e3o e acesso \u00e0 vacina Influenza H5N8, \u201ccolocando o Brasil na vanguarda global para apresentar uma resposta r\u00e1pida e eficaz a futuras emerg\u00eancias\u201d.<\/p>\n\n\n\n<p>Fica garantida a composi\u00e7\u00e3o de estoque estrat\u00e9gico, fortalecendo a prepara\u00e7\u00e3o e a acelera\u00e7\u00e3o da capacidade de produ\u00e7\u00e3o e inova\u00e7\u00e3o do pa\u00eds, permitindo ajustes r\u00e1pidos na formula\u00e7\u00e3o da vacina conforme a evolu\u00e7\u00e3o do pat\u00f3geno; e a capacidade produtiva dispon\u00edvel para a produ\u00e7\u00e3o e fornecimento de mais de 30 milh\u00f5es de doses\/ano.<\/p>\n\n\n\n<p>Em discurso no evento, o vice-presidente da Rep\u00fablica e ministro do Desenvolvimento, Ind\u00fastria, Com\u00e9rcio e Servi\u00e7os, Geraldo Alckmin, destacou as\u00a0iniciativas e investimentos do governo federal no setor industrial da sa\u00fade. As a\u00e7\u00f5es anunciadas est\u00e3o alinhadas \u00e0 estrat\u00e9gia da Nova Ind\u00fastria Brasil (NIB), que \u00e9 a pol\u00edtica de governo para atra\u00e7\u00e3o de investimentos para o desenvolvimento da ind\u00fastria nacional.<\/p>\n\n\n\n<p>Segundo Alckmin,\u00a0o setor da sa\u00fade foi o que mais tirou recurso para inova\u00e7\u00e3o. \u201cO presidente Lula fez a deprecia\u00e7\u00e3o acelerada para renovar parque industrial, trocar m\u00e1quinas e equipamentos.\u00a0O presidente Lula fez TR [taxa referencial] para pesquisa, desenvolvimento e inova\u00e7\u00e3o, \u00e9 juro real zero; R$ 80 bilh\u00f5es\u00a0do BNDES, Finep, Embrapii e ainda recursos, \u00e0s vezes, n\u00e3o reembols\u00e1veis, dependendo do tipo de pesquisa\u201d, destacou o vice-presidente.<\/p>\n\n\n\n<p><strong>Fonte: Ag\u00eancia Brasil <\/strong><\/p>\n","protected":false},"excerpt":{"rendered":"<p>O presidente Luiz In\u00e1cio Lula da Silva e a ministra da Sa\u00fade, N\u00edsia Trindade, anunciaram nesta ter\u00e7a-feira (25), em Bras\u00edlia, a produ\u00e7\u00e3o &#8211; em larga escala &#8211; da\u00a0primeira vacina 100% nacional e de dose \u00fanica contra a dengue. A\u00a0previs\u00e3o \u00e9 que,\u00a0a partir de 2026,\u00a0sejam ofertadas 60 milh\u00f5es de doses anuais, com possibilidade de amplia\u00e7\u00e3o do [&hellip;]<\/p>\n","protected":false},"author":4,"featured_media":62991,"comment_status":"open","ping_status":"open","sticky":false,"template":"","format":"standard","meta":{"beyondwords_generate_audio":"1","beyondwords_project_id":"","beyondwords_podcast_id":"","beyondwords_hash":"","beyondwords_error_message":"","beyondwords_disabled":"","publish_post_to_speechkit":"","speechkit_generate_audio":"","speechkit_project_id":"","speechkit_podcast_id":"","speechkit_hash":"","speechkit_error_message":"","speechkit_disabled":"","speechkit_access_key":"","speechkit_error":"","speechkit_info":"","speechkit_response":"","speechkit_retries":"","_speechkit_link":"","_speechkit_text":""},"categories":[134,1288],"tags":[5329,12524,3195,294,2009,46,458,5508,1515,3178],"jetpack_featured_media_url":"https:\/\/pinews.com.br\/wp-content\/uploads\/2025\/02\/0d9a2667.webp","_links":{"self":[{"href":"https:\/\/pinews.com.br\/index.php\/wp-json\/wp\/v2\/posts\/62990"}],"collection":[{"href":"https:\/\/pinews.com.br\/index.php\/wp-json\/wp\/v2\/posts"}],"about":[{"href":"https:\/\/pinews.com.br\/index.php\/wp-json\/wp\/v2\/types\/post"}],"author":[{"embeddable":true,"href":"https:\/\/pinews.com.br\/index.php\/wp-json\/wp\/v2\/users\/4"}],"replies":[{"embeddable":true,"href":"https:\/\/pinews.com.br\/index.php\/wp-json\/wp\/v2\/comments?post=62990"}],"version-history":[{"count":1,"href":"https:\/\/pinews.com.br\/index.php\/wp-json\/wp\/v2\/posts\/62990\/revisions"}],"predecessor-version":[{"id":62992,"href":"https:\/\/pinews.com.br\/index.php\/wp-json\/wp\/v2\/posts\/62990\/revisions\/62992"}],"wp:featuredmedia":[{"embeddable":true,"href":"https:\/\/pinews.com.br\/index.php\/wp-json\/wp\/v2\/media\/62991"}],"wp:attachment":[{"href":"https:\/\/pinews.com.br\/index.php\/wp-json\/wp\/v2\/media?parent=62990"}],"wp:term":[{"taxonomy":"category","embeddable":true,"href":"https:\/\/pinews.com.br\/index.php\/wp-json\/wp\/v2\/categories?post=62990"},{"taxonomy":"post_tag","embeddable":true,"href":"https:\/\/pinews.com.br\/index.php\/wp-json\/wp\/v2\/tags?post=62990"}],"curies":[{"name":"wp","href":"https:\/\/api.w.org\/{rel}","templated":true}]}}