{"id":62999,"date":"2025-02-26T17:49:20","date_gmt":"2025-02-26T20:49:20","guid":{"rendered":"https:\/\/pinews.com.br\/?p=62999"},"modified":"2025-02-26T17:49:22","modified_gmt":"2025-02-26T20:49:22","slug":"idoso-de-72-anos-passa-mal-e-morre-enquanto-pedalava-proximo-a-parada-de-onibus-no-piaui","status":"publish","type":"post","link":"https:\/\/pinews.com.br\/index.php\/2025\/02\/26\/idoso-de-72-anos-passa-mal-e-morre-enquanto-pedalava-proximo-a-parada-de-onibus-no-piaui\/","title":{"rendered":"Idoso de 72 anos passa mal e morre enquanto pedalava pr\u00f3ximo a parada de \u00f4nibus no Piau\u00ed"},"content":{"rendered":"\n<p>Um idoso de 72 anos faleceu na tarde desta quarta-feira (26\/02) depois de passar mal enquanto pedalava na ciclofaixa da Avenida Miguel Rosa, na Zona Sul de Teresina. Ele foi identificado como Gerardo L\u00facio da Silva.<\/p>\n\n\n\n<p>De acordo com relatos de pessoas que estavam em um ponto de \u00f4nibus pr\u00f3ximo, o idoso desceu da bicicleta e caiu no ch\u00e3o logo em seguida. Populares tentaram prestar socorro at\u00e9 a chegada do Servi\u00e7o de Atendimento M\u00f3vel de Urg\u00eancia (SAMU), mas a v\u00edtima n\u00e3o resistiu.<\/p>\n\n\n\n<p>O Instituto M\u00e9dico Legal (IML) recolheu o corpo, e a causa da morte ainda ser\u00e1 investigada.<\/p>\n\n\n\n<p><strong>Fonte: 180 graus<\/strong><\/p>\n","protected":false},"excerpt":{"rendered":"<p>Um idoso de 72 anos faleceu na tarde desta quarta-feira (26\/02) depois de passar mal enquanto pedalava na ciclofaixa da Avenida Miguel Rosa, na Zona Sul de Teresina. Ele foi identificado como Gerardo L\u00facio da Silva. De acordo com relatos de pessoas que estavam em um ponto de \u00f4nibus pr\u00f3ximo, o idoso desceu da bicicleta [&hellip;]<\/p>\n","protected":false},"author":4,"featured_media":47773,"comment_status":"open","ping_status":"open","sticky":false,"template":"","format":"standard","meta":{"beyondwords_generate_audio":"1","beyondwords_project_id":"","beyondwords_podcast_id":"","beyondwords_hash":"","beyondwords_error_message":"","beyondwords_disabled":"","publish_post_to_speechkit":"","speechkit_generate_audio":"","speechkit_project_id":"","speechkit_podcast_id":"","speechkit_hash":"","speechkit_error_message":"","speechkit_disabled":"","speechkit_access_key":"","speechkit_error":"","speechkit_info":"","speechkit_response":"","speechkit_retries":"","_speechkit_link":"","_speechkit_text":""},"categories":[51,81],"tags":[6009,82,44,510,64,368,119,301,5309,369,1466,52,127],"jetpack_featured_media_url":"https:\/\/pinews.com.br\/wp-content\/uploads\/2023\/04\/iml_teresina_014.webp","_links":{"self":[{"href":"https:\/\/pinews.com.br\/index.php\/wp-json\/wp\/v2\/posts\/62999"}],"collection":[{"href":"https:\/\/pinews.com.br\/index.php\/wp-json\/wp\/v2\/posts"}],"about":[{"href":"https:\/\/pinews.com.br\/index.php\/wp-json\/wp\/v2\/types\/post"}],"author":[{"embeddable":true,"href":"https:\/\/pinews.com.br\/index.php\/wp-json\/wp\/v2\/users\/4"}],"replies":[{"embeddable":true,"href":"https:\/\/pinews.com.br\/index.php\/wp-json\/wp\/v2\/comments?post=62999"}],"version-history":[{"count":1,"href":"https:\/\/pinews.com.br\/index.php\/wp-json\/wp\/v2\/posts\/62999\/revisions"}],"predecessor-version":[{"id":63001,"href":"https:\/\/pinews.com.br\/index.php\/wp-json\/wp\/v2\/posts\/62999\/revisions\/63001"}],"wp:featuredmedia":[{"embeddable":true,"href":"https:\/\/pinews.com.br\/index.php\/wp-json\/wp\/v2\/media\/47773"}],"wp:attachment":[{"href":"https:\/\/pinews.com.br\/index.php\/wp-json\/wp\/v2\/media?parent=62999"}],"wp:term":[{"taxonomy":"category","embeddable":true,"href":"https:\/\/pinews.com.br\/index.php\/wp-json\/wp\/v2\/categories?post=62999"},{"taxonomy":"post_tag","embeddable":true,"href":"https:\/\/pinews.com.br\/index.php\/wp-json\/wp\/v2\/tags?post=62999"}],"curies":[{"name":"wp","href":"https:\/\/api.w.org\/{rel}","templated":true}]}}