{"id":63377,"date":"2025-03-27T12:41:23","date_gmt":"2025-03-27T15:41:23","guid":{"rendered":"https:\/\/pinews.com.br\/?p=63377"},"modified":"2025-03-27T12:41:26","modified_gmt":"2025-03-27T15:41:26","slug":"piauiense-morre-apos-laje-de-predio-desabar-em-sao-paulo-era-seu-primeiro-dia-de-trabalho","status":"publish","type":"post","link":"https:\/\/pinews.com.br\/index.php\/2025\/03\/27\/piauiense-morre-apos-laje-de-predio-desabar-em-sao-paulo-era-seu-primeiro-dia-de-trabalho\/","title":{"rendered":"Piauiense morre ap\u00f3s laje de pr\u00e9dio desabar em S\u00e3o Paulo; era seu primeiro dia de trabalho"},"content":{"rendered":"\n<p>O\u00a0piauiense Renato Pereira da Silva, 28 anos,\u00a0morreu ap\u00f3s a laje de um pr\u00e9dio desabar na cidade de Cotia, na grande S\u00e3o Paulo. Renato estava no seu primeiro dia de trabalho. Ele chegou a cidade no \u00faltimo domingo (23) em busca de trabalho.<\/p>\n\n\n\n<p>No momento do acidente, pelo menos quatro oper\u00e1rios trabalhavam na concretagem da laje de um empreendimento comercial em constru\u00e7\u00e3o quando a estrutura desabou. Tr\u00eas funcion\u00e1rios sofreram ferimentos leves.<\/p>\n\n\n\n<p>De acordo com familiares, Renato estava decidido a ficar na cidade caso conseguisse arrumar um emprego. Ele foi convidado para trabalhar na obra por um amigo.<\/p>\n\n\n\n<p>Ap\u00f3s o acidente,\u00a0ele acabou sendo totalmente coberto pelo concreto que estava na laje. O concreto secou rapidamente e os bombeiros trabalharam por mais de oito horas at\u00e9 conseguir retirar o corpo.<\/p>\n\n\n\n<p>Uma equipe da pol\u00edcia cient\u00edfica periciou o corpo de Renato. A obra dever\u00e1 ser vistoriada e as autoridades dever\u00e3o investigar as causas do acidente. O caso foi registrado na Delegacia Central de Cotia como morte suspeita e morte acidental.<\/p>\n\n\n\n<p><strong>Fonte: SBT News <\/strong><\/p>\n","protected":false},"excerpt":{"rendered":"<p>O\u00a0piauiense Renato Pereira da Silva, 28 anos,\u00a0morreu ap\u00f3s a laje de um pr\u00e9dio desabar na cidade de Cotia, na grande S\u00e3o Paulo. Renato estava no seu primeiro dia de trabalho. Ele chegou a cidade no \u00faltimo domingo (23) em busca de trabalho. No momento do acidente, pelo menos quatro oper\u00e1rios trabalhavam na concretagem da laje [&hellip;]<\/p>\n","protected":false},"author":4,"featured_media":63378,"comment_status":"open","ping_status":"open","sticky":false,"template":"","format":"standard","meta":{"beyondwords_generate_audio":"1","beyondwords_project_id":"","beyondwords_podcast_id":"","beyondwords_hash":"","beyondwords_error_message":"","beyondwords_disabled":"","publish_post_to_speechkit":"","speechkit_generate_audio":"","speechkit_project_id":"","speechkit_podcast_id":"","speechkit_hash":"","speechkit_error_message":"","speechkit_disabled":"","speechkit_access_key":"","speechkit_error":"","speechkit_info":"","speechkit_response":"","speechkit_retries":"","_speechkit_link":"","_speechkit_text":""},"categories":[134,51],"tags":[70,44,4232,515,46,7226,12044,119,742,511,5926,3485,362,1036,934],"jetpack_featured_media_url":"https:\/\/pinews.com.br\/wp-content\/uploads\/2025\/03\/images-6.jpeg","_links":{"self":[{"href":"https:\/\/pinews.com.br\/index.php\/wp-json\/wp\/v2\/posts\/63377"}],"collection":[{"href":"https:\/\/pinews.com.br\/index.php\/wp-json\/wp\/v2\/posts"}],"about":[{"href":"https:\/\/pinews.com.br\/index.php\/wp-json\/wp\/v2\/types\/post"}],"author":[{"embeddable":true,"href":"https:\/\/pinews.com.br\/index.php\/wp-json\/wp\/v2\/users\/4"}],"replies":[{"embeddable":true,"href":"https:\/\/pinews.com.br\/index.php\/wp-json\/wp\/v2\/comments?post=63377"}],"version-history":[{"count":1,"href":"https:\/\/pinews.com.br\/index.php\/wp-json\/wp\/v2\/posts\/63377\/revisions"}],"predecessor-version":[{"id":63379,"href":"https:\/\/pinews.com.br\/index.php\/wp-json\/wp\/v2\/posts\/63377\/revisions\/63379"}],"wp:featuredmedia":[{"embeddable":true,"href":"https:\/\/pinews.com.br\/index.php\/wp-json\/wp\/v2\/media\/63378"}],"wp:attachment":[{"href":"https:\/\/pinews.com.br\/index.php\/wp-json\/wp\/v2\/media?parent=63377"}],"wp:term":[{"taxonomy":"category","embeddable":true,"href":"https:\/\/pinews.com.br\/index.php\/wp-json\/wp\/v2\/categories?post=63377"},{"taxonomy":"post_tag","embeddable":true,"href":"https:\/\/pinews.com.br\/index.php\/wp-json\/wp\/v2\/tags?post=63377"}],"curies":[{"name":"wp","href":"https:\/\/api.w.org\/{rel}","templated":true}]}}