{"id":63555,"date":"2025-04-09T18:38:11","date_gmt":"2025-04-09T21:38:11","guid":{"rendered":"https:\/\/pinews.com.br\/?p=63555"},"modified":"2025-04-09T18:38:13","modified_gmt":"2025-04-09T21:38:13","slug":"homem-e-assassinado-a-tiros-em-parada-de-onibus-no-piaui","status":"publish","type":"post","link":"https:\/\/pinews.com.br\/index.php\/2025\/04\/09\/homem-e-assassinado-a-tiros-em-parada-de-onibus-no-piaui\/","title":{"rendered":"Homem \u00e9 assassinado a tiros em parada de \u00f4nibus no Piau\u00ed"},"content":{"rendered":"\n<p>Um homem foi assassinado com diversos tiros de arma de fogo em uma parada de \u00f4nibus, em frente ao Centro de Refer\u00eancia de Assist\u00eancia Social (CRAS) do Parque Eliane, na zona Sul de Teresina. O caso aconteceu na tarde desta quarta-feira (9).<\/p>\n\n\n\n<p>Populares informaram ao&nbsp;<strong><em><u>MeioNews&nbsp;<\/u><\/em><\/strong>que dois suspeitos efetuaram os tiros contra a v\u00edtima e fugiram pelo matagal nas redondezas.<\/p>\n\n\n\n<p>O 17\u00ba Batalh\u00e3o de Pol\u00edcia Militar (17\u00ba BPM) e equipes do Instituto M\u00e9dico Legal foram acionadas. O caso deve ser investigado pela Pol\u00edcia Civil, atrav\u00e9s do Departamento de Homic\u00eddio e Prote\u00e7\u00e3o \u00e0 Pessoa &#8211; DHPP.\u00a0<\/p>\n\n\n\n<p><strong>Fonte: Meio News <\/strong><\/p>\n","protected":false},"excerpt":{"rendered":"<p>Um homem foi assassinado com diversos tiros de arma de fogo em uma parada de \u00f4nibus, em frente ao Centro de Refer\u00eancia de Assist\u00eancia Social (CRAS) do Parque Eliane, na zona Sul de Teresina. O caso aconteceu na tarde desta quarta-feira (9). Populares informaram ao&nbsp;MeioNews&nbsp;que dois suspeitos efetuaram os tiros contra a v\u00edtima e fugiram [&hellip;]<\/p>\n","protected":false},"author":4,"featured_media":63556,"comment_status":"open","ping_status":"open","sticky":false,"template":"","format":"standard","meta":{"beyondwords_generate_audio":"1","beyondwords_project_id":"","beyondwords_podcast_id":"","beyondwords_hash":"","beyondwords_error_message":"","beyondwords_disabled":"","publish_post_to_speechkit":"","speechkit_generate_audio":"","speechkit_project_id":"","speechkit_podcast_id":"","speechkit_hash":"","speechkit_error_message":"","speechkit_disabled":"","speechkit_access_key":"","speechkit_error":"","speechkit_info":"","speechkit_response":"","speechkit_retries":"","_speechkit_link":"","_speechkit_text":""},"categories":[51,78,81],"tags":[364,44,72,46,84,301,5309,52,165],"jetpack_featured_media_url":"https:\/\/pinews.com.br\/wp-content\/uploads\/2025\/04\/homem-e-assassinado-a-tiros-em-parada-de-onibus-na-zona-sul-de-teresina-81d21227-06b3-4d45-8351-66e79ccce661.jpg.webp","_links":{"self":[{"href":"https:\/\/pinews.com.br\/index.php\/wp-json\/wp\/v2\/posts\/63555"}],"collection":[{"href":"https:\/\/pinews.com.br\/index.php\/wp-json\/wp\/v2\/posts"}],"about":[{"href":"https:\/\/pinews.com.br\/index.php\/wp-json\/wp\/v2\/types\/post"}],"author":[{"embeddable":true,"href":"https:\/\/pinews.com.br\/index.php\/wp-json\/wp\/v2\/users\/4"}],"replies":[{"embeddable":true,"href":"https:\/\/pinews.com.br\/index.php\/wp-json\/wp\/v2\/comments?post=63555"}],"version-history":[{"count":1,"href":"https:\/\/pinews.com.br\/index.php\/wp-json\/wp\/v2\/posts\/63555\/revisions"}],"predecessor-version":[{"id":63557,"href":"https:\/\/pinews.com.br\/index.php\/wp-json\/wp\/v2\/posts\/63555\/revisions\/63557"}],"wp:featuredmedia":[{"embeddable":true,"href":"https:\/\/pinews.com.br\/index.php\/wp-json\/wp\/v2\/media\/63556"}],"wp:attachment":[{"href":"https:\/\/pinews.com.br\/index.php\/wp-json\/wp\/v2\/media?parent=63555"}],"wp:term":[{"taxonomy":"category","embeddable":true,"href":"https:\/\/pinews.com.br\/index.php\/wp-json\/wp\/v2\/categories?post=63555"},{"taxonomy":"post_tag","embeddable":true,"href":"https:\/\/pinews.com.br\/index.php\/wp-json\/wp\/v2\/tags?post=63555"}],"curies":[{"name":"wp","href":"https:\/\/api.w.org\/{rel}","templated":true}]}}