{"id":63558,"date":"2025-04-10T13:44:48","date_gmt":"2025-04-10T16:44:48","guid":{"rendered":"https:\/\/pinews.com.br\/?p=63558"},"modified":"2025-04-10T13:44:50","modified_gmt":"2025-04-10T16:44:50","slug":"bebe-filho-de-imigrantes-venezuelanos-morre-em-abrigo-no-piaui","status":"publish","type":"post","link":"https:\/\/pinews.com.br\/index.php\/2025\/04\/10\/bebe-filho-de-imigrantes-venezuelanos-morre-em-abrigo-no-piaui\/","title":{"rendered":"Beb\u00ea filho de imigrantes venezuelanos morre em abrigo no Piau\u00ed"},"content":{"rendered":"\n<p>Um beb\u00ea de um ano, filho de imigrantes venezuelanos, morreu na madrugada desta quinta-feira (10) em um abrigo no bairro Poti Velho, na Zona Norte de Teresina. N\u00e3o se sabe a causa da morte dele.<\/p>\n\n\n\n<p>Ao\u00a0g1, um assistente social da Secretaria Municipal de Cidadania, Assist\u00eancia Social e Pol\u00edticas Integradas (Semcaspi), pasta respons\u00e1vel pela manuten\u00e7\u00e3o do abrigo, informou que a crian\u00e7a\u00a0apresentava estado febril pouco antes de falecer.<\/p>\n\n\n\n<p>A Semcaspi afirmou que uma equipe de assistentes sociais est\u00e1 no abrigo para prestar &#8220;todo o suporte necess\u00e1rio e acompanhar a fam\u00edlia&#8221;.<\/p>\n\n\n\n<p>Os pais do beb\u00ea ligaram para o Servi\u00e7o de Atendimento M\u00f3vel de Urg\u00eancia (Samu) \u00e0s 1h da madrugada, mas o filho deles j\u00e1 estava morto quando a equipe de socorristas chegou ao abrigo.<\/p>\n\n\n\n<p>O Instituto de Medicina Legal (IML) foi acionado e levou o beb\u00ea ao Hospital Get\u00falio Vargas (HGV), no Centro de\u00a0Teresina, na manh\u00e3 desta quinta.<\/p>\n\n\n\n<p>Segundo o HGV, a fam\u00edlia da crian\u00e7a n\u00e3o autorizou a necropsia, ou seja, o conjunto de exames m\u00e9dicos realizados para determinar a causa da morte de um paciente.<\/p>\n\n\n\n<p>O beb\u00ea nasceu no Par\u00e1, mas seus pais s\u00e3o ind\u00edgenas venezuelanos da etnia Warao, que come\u00e7aram a imigrar para\u00a0Teresina\u00a0a partir de 2019.<\/p>\n\n\n\n<h2>Pol\u00eamica com projeto de lei<\/h2>\n\n\n\n<p>A Ordem dos Advogados do Brasil no Piau\u00ed (OAB-PI) pediu a\u00a0suspens\u00e3o de um indicativo de projeto de lei que prop\u00f5e a repatria\u00e7\u00e3o\u00a0de imigrantes em\u00a0Teresina\u00a0custeada pelo munic\u00edpio.<\/p>\n\n\n\n<p>A proposta, do vereador Pedro Alc\u00e2ntara (Progressistas), foi lida e aprovada, em mar\u00e7o de 2025, no plen\u00e1rio da C\u00e2mara Municipal.<\/p>\n\n\n\n<p>Como gera despesas para a Prefeitura de\u00a0Teresina, o indicativo deve ser analisado pelo prefeito Silvio Mendes (Uni\u00e3o Brasil), que decidir\u00e1 se o devolve para a C\u00e2mara como projeto de lei a ser apreciado.<\/p>\n\n\n\n<p>As comiss\u00f5es de Direitos Humanos e de Defesa dos Direitos da Crian\u00e7a e do Adolescente da OAB-PI emitiram uma nota na qual apontam que o projeto apresenta riscos de viola\u00e7\u00f5es aos direitos humanos e vai contra dispositivos da Constitui\u00e7\u00e3o Federal.<\/p>\n\n\n\n<p>O vereador Pedro Alc\u00e2natara disse ao\u00a0g1\u00a0que aceita debater o projeto com representantes da Ordem, mas n\u00e3o iria retir\u00e1-lo da discuss\u00e3o na C\u00e2mara. Ele ressaltou que conta com o aval do prefeito para aprov\u00e1-lo.\u00a0Procurado, Silvio Mendes n\u00e3o se manifestou sobre o assunto.<\/p>\n\n\n\n<h2>Chegada dos Warao<\/h2>\n\n\n\n<figure class=\"wp-block-image\"><img decoding=\"async\" src=\"https:\/\/s2-g1.glbimg.com\/4fS-ITV12e578XrJ5vDKdC73vmY=\/0x0:1280x960\/984x0\/smart\/filters:strip_icc()\/i.s3.glbimg.com\/v1\/AUTH_59edd422c0c84a879bd37670ae4f538a\/internal_photos\/bs\/2019\/J\/A\/8hZEqIQo6NXOiMACWWBA\/whatsapp-image-2019-05-13-at-09.36.48.jpeg\" alt=\"Venezuelanos se abrigaram em lojas e casas lot\u00e9ricas do Centro de Teresina \u2014 Foto: Maria Romero\/g1\"\/><figcaption class=\"wp-element-caption\">Venezuelanos se abrigaram em lojas e casas lot\u00e9ricas do Centro de Teresina \u2014 Foto: Maria Romero\/g1<\/figcaption><\/figure>\n\n\n\n<p>Os ind\u00edgenas da etnia Warao estavam entre os\u00a0cerca de 50 venezuelanos que chegaram a Teresina em mar\u00e7o de 2019. De acordo com eles, o grupo fugiu da crise econ\u00f4mica que atingiu a Venezuela e\u00a0deixou fam\u00edlias sem emprego e com fome.<\/p>\n\n\n\n<p>A trajet\u00f3ria deles come\u00e7ou em 2017. Os imigrantes moraram durante quase um ano em\u00a0Bel\u00e9m, no Par\u00e1. Depois, viajaram por semanas por cidades do Maranh\u00e3o at\u00e9 se estabelecerem no Piau\u00ed.<\/p>\n\n\n\n<p>A maioria desses venezuelanos trabalhava com a pesca e agricultura em Tucupita, no estado de Delta Amacuro, na regi\u00e3o Leste do pa\u00eds.<\/p>\n\n\n\n<p>Ap\u00f3s a chegada dos imigrantes, a Semcaspi iniciou uma parceria com a Associa\u00e7\u00e3o Beneficente S\u00e3o Paulo Ap\u00f3stolo (Abespa) para acolh\u00ea-los em abrigos na capital. No entanto,\u00a0desde novembro de 2022, a secretaria \u00e9 respons\u00e1vel pelo atendimento direto a eles.<\/p>\n\n\n\n<p><strong>Fonte: G1 PI <\/strong><\/p>\n","protected":false},"excerpt":{"rendered":"<p>Um beb\u00ea de um ano, filho de imigrantes venezuelanos, morreu na madrugada desta quinta-feira (10) em um abrigo no bairro Poti Velho, na Zona Norte de Teresina. N\u00e3o se sabe a causa da morte dele. Ao\u00a0g1, um assistente social da Secretaria Municipal de Cidadania, Assist\u00eancia Social e Pol\u00edticas Integradas (Semcaspi), pasta respons\u00e1vel pela manuten\u00e7\u00e3o do [&hellip;]<\/p>\n","protected":false},"author":4,"featured_media":63559,"comment_status":"open","ping_status":"open","sticky":false,"template":"","format":"standard","meta":{"beyondwords_generate_audio":"1","beyondwords_project_id":"","beyondwords_podcast_id":"","beyondwords_hash":"","beyondwords_error_message":"","beyondwords_disabled":"","publish_post_to_speechkit":"","speechkit_generate_audio":"","speechkit_project_id":"","speechkit_podcast_id":"","speechkit_hash":"","speechkit_error_message":"","speechkit_disabled":"","speechkit_access_key":"","speechkit_error":"","speechkit_info":"","speechkit_response":"","speechkit_retries":"","_speechkit_link":"","_speechkit_text":""},"categories":[51,81],"tags":[5107,113,44,46,289,9501,119,52,2341],"jetpack_featured_media_url":"https:\/\/pinews.com.br\/wp-content\/uploads\/2025\/04\/abrigo.jpg","_links":{"self":[{"href":"https:\/\/pinews.com.br\/index.php\/wp-json\/wp\/v2\/posts\/63558"}],"collection":[{"href":"https:\/\/pinews.com.br\/index.php\/wp-json\/wp\/v2\/posts"}],"about":[{"href":"https:\/\/pinews.com.br\/index.php\/wp-json\/wp\/v2\/types\/post"}],"author":[{"embeddable":true,"href":"https:\/\/pinews.com.br\/index.php\/wp-json\/wp\/v2\/users\/4"}],"replies":[{"embeddable":true,"href":"https:\/\/pinews.com.br\/index.php\/wp-json\/wp\/v2\/comments?post=63558"}],"version-history":[{"count":1,"href":"https:\/\/pinews.com.br\/index.php\/wp-json\/wp\/v2\/posts\/63558\/revisions"}],"predecessor-version":[{"id":63560,"href":"https:\/\/pinews.com.br\/index.php\/wp-json\/wp\/v2\/posts\/63558\/revisions\/63560"}],"wp:featuredmedia":[{"embeddable":true,"href":"https:\/\/pinews.com.br\/index.php\/wp-json\/wp\/v2\/media\/63559"}],"wp:attachment":[{"href":"https:\/\/pinews.com.br\/index.php\/wp-json\/wp\/v2\/media?parent=63558"}],"wp:term":[{"taxonomy":"category","embeddable":true,"href":"https:\/\/pinews.com.br\/index.php\/wp-json\/wp\/v2\/categories?post=63558"},{"taxonomy":"post_tag","embeddable":true,"href":"https:\/\/pinews.com.br\/index.php\/wp-json\/wp\/v2\/tags?post=63558"}],"curies":[{"name":"wp","href":"https:\/\/api.w.org\/{rel}","templated":true}]}}