{"id":6362,"date":"2020-04-01T12:32:49","date_gmt":"2020-04-01T15:32:49","guid":{"rendered":"https:\/\/pinews.com.br\/?p=6362"},"modified":"2020-04-01T12:32:49","modified_gmt":"2020-04-01T15:32:49","slug":"homem-morre-em-hospital-com-suspeita-de-coronavirus-em-floriano","status":"publish","type":"post","link":"https:\/\/pinews.com.br\/index.php\/2020\/04\/01\/homem-morre-em-hospital-com-suspeita-de-coronavirus-em-floriano\/","title":{"rendered":"Homem morre em hospital com suspeita de coronav\u00edrus em Floriano"},"content":{"rendered":"\n<p><em>Foto: Reprodu\u00e7\u00e3o <\/em><\/p>\n\n\n\n<p style=\"text-align:justify\">Um homem identificado como Eleosino Ribeiro, morreu ap\u00f3s d\u00e1 entrada no Hospital Regional Tib\u00e9rio Nunes, no munic\u00edpio de Floriano, na ter\u00e7a-feira (31), com quadro de insufici\u00eancia respirat\u00f3ria, vindo \u00e0 \u00f3bito momentos depois de ser submetido aos primeiros procedimentos pela equipe m\u00e9dica. As informa\u00e7\u00f5es s\u00e3o do JC24horas.<\/p>\n\n\n\n<p style=\"text-align:justify\">Por apresentar um quadro de insufici\u00eancia respirat\u00f3ria aguda, a equipe m\u00e9dica que trata dos casos suspeitos de coronav\u00edrus, recomendou que todos os procedimentos adotados em rela\u00e7\u00e3o ao vel\u00f3rio seguissem os crit\u00e9rios dos casos suspeitos. O corpo foi envelopado, foi utilizada urna funer\u00e1ria lacrada e o sepultamento foi imediato sem a realiza\u00e7\u00e3o de vel\u00f3rio.<\/p>\n\n\n\n<p><strong>Fonte: Meio Norte\/ Com informa\u00e7\u00f5es do JC24horas<\/strong><\/p>\n","protected":false},"excerpt":{"rendered":"<p>Foto: Reprodu\u00e7\u00e3o Um homem identificado como Eleosino Ribeiro, morreu ap\u00f3s d\u00e1 entrada no Hospital Regional Tib\u00e9rio Nunes, no munic\u00edpio de Floriano, na ter\u00e7a-feira (31), com quadro de insufici\u00eancia respirat\u00f3ria, vindo \u00e0 \u00f3bito momentos depois de ser submetido aos primeiros procedimentos pela equipe m\u00e9dica. As informa\u00e7\u00f5es s\u00e3o do JC24horas. Por apresentar um quadro de insufici\u00eancia respirat\u00f3ria [&hellip;]<\/p>\n","protected":false},"author":1,"featured_media":6364,"comment_status":"open","ping_status":"open","sticky":false,"template":"","format":"standard","meta":{"beyondwords_generate_audio":"","beyondwords_project_id":"","beyondwords_podcast_id":"","beyondwords_hash":"","beyondwords_error_message":"","beyondwords_disabled":"","publish_post_to_speechkit":"","speechkit_generate_audio":"","speechkit_project_id":"","speechkit_podcast_id":"","speechkit_hash":"","speechkit_error_message":"","speechkit_disabled":"","speechkit_access_key":"","speechkit_error":"","speechkit_info":"","speechkit_response":"","speechkit_retries":"","_speechkit_link":"","_speechkit_text":""},"categories":[51,1288],"tags":[666,1886,339,52,2279],"jetpack_featured_media_url":"","_links":{"self":[{"href":"https:\/\/pinews.com.br\/index.php\/wp-json\/wp\/v2\/posts\/6362"}],"collection":[{"href":"https:\/\/pinews.com.br\/index.php\/wp-json\/wp\/v2\/posts"}],"about":[{"href":"https:\/\/pinews.com.br\/index.php\/wp-json\/wp\/v2\/types\/post"}],"author":[{"embeddable":true,"href":"https:\/\/pinews.com.br\/index.php\/wp-json\/wp\/v2\/users\/1"}],"replies":[{"embeddable":true,"href":"https:\/\/pinews.com.br\/index.php\/wp-json\/wp\/v2\/comments?post=6362"}],"version-history":[{"count":0,"href":"https:\/\/pinews.com.br\/index.php\/wp-json\/wp\/v2\/posts\/6362\/revisions"}],"wp:featuredmedia":[{"embeddable":true,"href":"https:\/\/pinews.com.br\/index.php\/wp-json\/"}],"wp:attachment":[{"href":"https:\/\/pinews.com.br\/index.php\/wp-json\/wp\/v2\/media?parent=6362"}],"wp:term":[{"taxonomy":"category","embeddable":true,"href":"https:\/\/pinews.com.br\/index.php\/wp-json\/wp\/v2\/categories?post=6362"},{"taxonomy":"post_tag","embeddable":true,"href":"https:\/\/pinews.com.br\/index.php\/wp-json\/wp\/v2\/tags?post=6362"}],"curies":[{"name":"wp","href":"https:\/\/api.w.org\/{rel}","templated":true}]}}