{"id":63633,"date":"2025-04-15T18:00:49","date_gmt":"2025-04-15T21:00:49","guid":{"rendered":"https:\/\/pinews.com.br\/?p=63633"},"modified":"2025-04-15T18:00:52","modified_gmt":"2025-04-15T21:00:52","slug":"mulher-e-assassinada-a-tiros-na-frente-do-marido-em-tenda-de-umbanda-no-interior-do-piaui","status":"publish","type":"post","link":"https:\/\/pinews.com.br\/index.php\/2025\/04\/15\/mulher-e-assassinada-a-tiros-na-frente-do-marido-em-tenda-de-umbanda-no-interior-do-piaui\/","title":{"rendered":"Mulher \u00e9 assassinada a tiros na frente do marido em tenda de Umbanda no interior do Piau\u00ed"},"content":{"rendered":"\n<p>Cec\u00edlia Ferreira da Silva, de 46 anos, natural de Barro Duro, foi morta com um disparo de arma de fogo na tarde desta segunda-feira (14\/04), no bairro Portelinha, em \u00c1gua Branca.<\/p>\n\n\n\n<p>A v\u00edtima foi atendida ainda com vida por moradores, mas n\u00e3o resistiu aos ferimentos e morreu ap\u00f3s ser levada ao Hospital Senador Dirceu Mendes Arcoverde.<\/p>\n\n\n\n<p>Segundo relatos da Pol\u00edcia Militar, Cec\u00edlia estava em uma \u201ctenda religiosa de matriz africana\u201d com outras pessoas, incluindo seu marido, quando dois homens encapuzados chegaram, disseram&nbsp;\u201cperdeu, perdeu\u201d&nbsp;e atiraram nela. Testemunhas afirmaram que os criminosos fugiram em uma moto preta. Apesar das buscas na regi\u00e3o, ningu\u00e9m foi preso.<\/p>\n\n\n\n<p>A investiga\u00e7\u00e3o est\u00e1 a cargo da Delegacia Seccional de \u00c1gua Branca.<\/p>\n\n\n\n<p><strong>Fonte: 180 graus<\/strong><\/p>\n","protected":false},"excerpt":{"rendered":"<p>Cec\u00edlia Ferreira da Silva, de 46 anos, natural de Barro Duro, foi morta com um disparo de arma de fogo na tarde desta segunda-feira (14\/04), no bairro Portelinha, em \u00c1gua Branca. A v\u00edtima foi atendida ainda com vida por moradores, mas n\u00e3o resistiu aos ferimentos e morreu ap\u00f3s ser levada ao Hospital Senador Dirceu Mendes [&hellip;]<\/p>\n","protected":false},"author":4,"featured_media":63634,"comment_status":"open","ping_status":"open","sticky":false,"template":"","format":"standard","meta":{"beyondwords_generate_audio":"1","beyondwords_project_id":"","beyondwords_podcast_id":"","beyondwords_hash":"","beyondwords_error_message":"","beyondwords_disabled":"","publish_post_to_speechkit":"","speechkit_generate_audio":"","speechkit_project_id":"","speechkit_podcast_id":"","speechkit_hash":"","speechkit_error_message":"","speechkit_disabled":"","speechkit_access_key":"","speechkit_error":"","speechkit_info":"","speechkit_response":"","speechkit_retries":"","_speechkit_link":"","_speechkit_text":""},"categories":[51,78],"tags":[707,44,72,46,480,716,698,135,91,52,12629,165,11567],"jetpack_featured_media_url":"https:\/\/pinews.com.br\/wp-content\/uploads\/2025\/04\/IMG_20250415_175842.jpg","_links":{"self":[{"href":"https:\/\/pinews.com.br\/index.php\/wp-json\/wp\/v2\/posts\/63633"}],"collection":[{"href":"https:\/\/pinews.com.br\/index.php\/wp-json\/wp\/v2\/posts"}],"about":[{"href":"https:\/\/pinews.com.br\/index.php\/wp-json\/wp\/v2\/types\/post"}],"author":[{"embeddable":true,"href":"https:\/\/pinews.com.br\/index.php\/wp-json\/wp\/v2\/users\/4"}],"replies":[{"embeddable":true,"href":"https:\/\/pinews.com.br\/index.php\/wp-json\/wp\/v2\/comments?post=63633"}],"version-history":[{"count":1,"href":"https:\/\/pinews.com.br\/index.php\/wp-json\/wp\/v2\/posts\/63633\/revisions"}],"predecessor-version":[{"id":63635,"href":"https:\/\/pinews.com.br\/index.php\/wp-json\/wp\/v2\/posts\/63633\/revisions\/63635"}],"wp:featuredmedia":[{"embeddable":true,"href":"https:\/\/pinews.com.br\/index.php\/wp-json\/wp\/v2\/media\/63634"}],"wp:attachment":[{"href":"https:\/\/pinews.com.br\/index.php\/wp-json\/wp\/v2\/media?parent=63633"}],"wp:term":[{"taxonomy":"category","embeddable":true,"href":"https:\/\/pinews.com.br\/index.php\/wp-json\/wp\/v2\/categories?post=63633"},{"taxonomy":"post_tag","embeddable":true,"href":"https:\/\/pinews.com.br\/index.php\/wp-json\/wp\/v2\/tags?post=63633"}],"curies":[{"name":"wp","href":"https:\/\/api.w.org\/{rel}","templated":true}]}}