{"id":63639,"date":"2025-04-16T10:43:13","date_gmt":"2025-04-16T13:43:13","guid":{"rendered":"https:\/\/pinews.com.br\/?p=63639"},"modified":"2025-04-16T10:43:15","modified_gmt":"2025-04-16T13:43:15","slug":"colisao-entre-caminhoes-na-divisa-do-piaui-com-ceara-deixa-uma-pessoa-morta","status":"publish","type":"post","link":"https:\/\/pinews.com.br\/index.php\/2025\/04\/16\/colisao-entre-caminhoes-na-divisa-do-piaui-com-ceara-deixa-uma-pessoa-morta\/","title":{"rendered":"Colis\u00e3o entre caminh\u00f5es na divisa do Piau\u00ed com Cear\u00e1 deixa uma pessoa morta"},"content":{"rendered":"\n<p>Um homem identificado como&nbsp;Eliezer Alexandre de Sousa, de 41 anos,&nbsp;morreu depois de um acidente envolvendo dois caminh\u00f5es&nbsp;na BR 222, em um trecho localizado na divisa entre os estados do Piau\u00ed e Cear\u00e1.<\/p>\n\n\n\n<p>A colis\u00e3o foi registrada na madrugada desta quarta-feira (16). O Corpo de Bombeiros foi acionado para retirar uma das v\u00edtimas de entre as ferragens.<\/p>\n\n\n\n<p>Um dos caminh\u00f5es, que saiu do Cear\u00e1 com destino ao Piau\u00ed, transportava hortifrutigranjeiro. O outro transportava ferro e estava na via inversa. Os dois colidiram de frente de tal modo que um dos passageiros ficou preso \u00e0s ferragens. Um das v\u00edtimas,&nbsp;Eliezer, foi resgatado com vida, mas n\u00e3o resistiu \u00e0 gravidade dos ferimentos e morreu no hospital.&nbsp;<\/p>\n\n\n\n<p>A Pol\u00edcia Rodovi\u00e1ria Federal foi acionada e est\u00e1 no local do acidente para realizar os procedimentos de praxe e investigar as causas da colis\u00e3o. At\u00e9 o momento, n\u00e3o h\u00e1 informa\u00e7\u00f5es sobre o estado de sa\u00fade do motorista do caminh\u00e3o nem se houve outros feridos.<\/p>\n\n\n\n<p><strong>Fonte: Portal A10+\/ Com informa\u00e7\u00f5es do Ibiapaba 24 Horas<\/strong><\/p>\n","protected":false},"excerpt":{"rendered":"<p>Um homem identificado como&nbsp;Eliezer Alexandre de Sousa, de 41 anos,&nbsp;morreu depois de um acidente envolvendo dois caminh\u00f5es&nbsp;na BR 222, em um trecho localizado na divisa entre os estados do Piau\u00ed e Cear\u00e1. A colis\u00e3o foi registrada na madrugada desta quarta-feira (16). O Corpo de Bombeiros foi acionado para retirar uma das v\u00edtimas de entre as [&hellip;]<\/p>\n","protected":false},"author":4,"featured_media":63640,"comment_status":"open","ping_status":"open","sticky":false,"template":"","format":"standard","meta":{"beyondwords_generate_audio":"1","beyondwords_project_id":"","beyondwords_podcast_id":"","beyondwords_hash":"","beyondwords_error_message":"","beyondwords_disabled":"","publish_post_to_speechkit":"","speechkit_generate_audio":"","speechkit_project_id":"","speechkit_podcast_id":"","speechkit_hash":"","speechkit_error_message":"","speechkit_disabled":"","speechkit_access_key":"","speechkit_error":"","speechkit_info":"","speechkit_response":"","speechkit_retries":"","_speechkit_link":"","_speechkit_text":""},"categories":[51],"tags":[6455,672,256,252,1259,178,481,91,556,52,557],"jetpack_featured_media_url":"https:\/\/pinews.com.br\/wp-content\/uploads\/2025\/04\/whatsapp-image-2025-04-16-at-08-30-10-1744804363.jpg","_links":{"self":[{"href":"https:\/\/pinews.com.br\/index.php\/wp-json\/wp\/v2\/posts\/63639"}],"collection":[{"href":"https:\/\/pinews.com.br\/index.php\/wp-json\/wp\/v2\/posts"}],"about":[{"href":"https:\/\/pinews.com.br\/index.php\/wp-json\/wp\/v2\/types\/post"}],"author":[{"embeddable":true,"href":"https:\/\/pinews.com.br\/index.php\/wp-json\/wp\/v2\/users\/4"}],"replies":[{"embeddable":true,"href":"https:\/\/pinews.com.br\/index.php\/wp-json\/wp\/v2\/comments?post=63639"}],"version-history":[{"count":1,"href":"https:\/\/pinews.com.br\/index.php\/wp-json\/wp\/v2\/posts\/63639\/revisions"}],"predecessor-version":[{"id":63641,"href":"https:\/\/pinews.com.br\/index.php\/wp-json\/wp\/v2\/posts\/63639\/revisions\/63641"}],"wp:featuredmedia":[{"embeddable":true,"href":"https:\/\/pinews.com.br\/index.php\/wp-json\/wp\/v2\/media\/63640"}],"wp:attachment":[{"href":"https:\/\/pinews.com.br\/index.php\/wp-json\/wp\/v2\/media?parent=63639"}],"wp:term":[{"taxonomy":"category","embeddable":true,"href":"https:\/\/pinews.com.br\/index.php\/wp-json\/wp\/v2\/categories?post=63639"},{"taxonomy":"post_tag","embeddable":true,"href":"https:\/\/pinews.com.br\/index.php\/wp-json\/wp\/v2\/tags?post=63639"}],"curies":[{"name":"wp","href":"https:\/\/api.w.org\/{rel}","templated":true}]}}