{"id":63645,"date":"2025-04-16T10:50:21","date_gmt":"2025-04-16T13:50:21","guid":{"rendered":"https:\/\/pinews.com.br\/?p=63645"},"modified":"2025-04-16T10:50:24","modified_gmt":"2025-04-16T13:50:24","slug":"adolescente-sofre-descarga-eletrica-ao-encostar-em-poste-durante-prova-de-atletismo-no-piaui","status":"publish","type":"post","link":"https:\/\/pinews.com.br\/index.php\/2025\/04\/16\/adolescente-sofre-descarga-eletrica-ao-encostar-em-poste-durante-prova-de-atletismo-no-piaui\/","title":{"rendered":"Adolescente sofre descarga el\u00e9trica ao encostar em poste durante prova de atletismo\u00a0no Piau\u00ed"},"content":{"rendered":"\n<p>Um adolescente de 13 anos sofreu uma descarga el\u00e9trica ao encostar em um poste durante uma prova de atletismo dos Jogos Escolares Municipais de Teresina, na manh\u00e3 desta ter\u00e7a-feira (15). O caso ocorreu no Campus Ministro Petr\u00f4nio Portela, da Universidade Federal do Piau\u00ed.\u00a0A energia da regi\u00e3o foi desligada e o local foi isolado.<\/p>\n\n\n\n<p>Ao\u00a0g1, familiares do adolescente informaram que ele estava descal\u00e7o e se preparava para a prova de salto em dist\u00e2ncia quando tocou no poste e sofreu a descarga el\u00e9trica. O estudante foi levado \u00e0 Unidade de Pronto Atendimento (UPA) do bairro Sat\u00e9lite, onde recebeu atendimento m\u00e9dico.\u00a0Ele foi submetido \u00e0 exames e recebeu alta no in\u00edcio da noite desta ter\u00e7a-feira (15).<\/p>\n\n\n\n<p>O adolescente dever\u00e1 retornar \u00e0 unidade de sa\u00fade na quarta-feira (16) para novos exames. E por orienta\u00e7\u00e3o m\u00e9dica, seguir\u00e1 em observa\u00e7\u00e3o por tr\u00eas dias, com recomenda\u00e7\u00e3o de repouso total.<\/p>\n\n\n\n<p>Em nota, a Secretaria Municipal de Educa\u00e7\u00e3o (Semec) informou que, antes do in\u00edcio dos Jogos Escolares Municipais, realizou duas visitas t\u00e9cnicas ao local da competi\u00e7\u00e3o e que&nbsp;nenhuma anormalidade relacionada \u00e0 parte el\u00e9trica foi reportada<strong><em>&nbsp;(confira posicionamento completo abaixo)<\/em><\/strong>.<\/p>\n\n\n\n<p>O\u00a0g1\u00a0tamb\u00e9m buscou a UFPI e aguarda posicionamento sobre o caso. Conforme a Semec, ap\u00f3s o ocorrido, equipes de manuten\u00e7\u00e3o e seguran\u00e7a da institui\u00e7\u00e3o isolaram a \u00e1rea e desligaram a energia da regi\u00e3o.\u00a0A orienta\u00e7\u00e3o \u00e9 que a popula\u00e7\u00e3o evite contato com as estruturas met\u00e1licas.<\/p>\n\n\n\n<h2>Nota da Semec na \u00edntegra<\/h2>\n\n\n\n<p><em>A Secretaria Municipal de Educa\u00e7\u00e3o (SEMEC) informa que um estudante da Rede Municipal de Ensino, de 14 anos, sofreu um choque el\u00e9trico na manh\u00e3 desta ter\u00e7a-feira (15), durante as provas de atletismo dos Jogos Escolares Municipais de Teresina (JETs), realizadas na pista da Universidade Federal do Piau\u00ed (UFPI).<\/em><\/p>\n\n\n\n<p><em>O incidente ocorreu enquanto o aluno se preparava para a prova de salto em dist\u00e2ncia. Ele estava descal\u00e7o e acabou encostando em um poste, momento em que sofreu o choque. O professor respons\u00e1vel, C\u00edcero, prestou os primeiros socorros, e o secret\u00e1rio municipal de Educa\u00e7\u00e3o, Ismael Silva, conduziu o estudante imediatamente at\u00e9 a Unidade de Pronto Atendimento (UPA) do bairro Sat\u00e9lite.<\/em><\/p>\n\n\n\n<p><em>O aluno foi atendido, passou por avalia\u00e7\u00e3o m\u00e9dica e recebeu alta no in\u00edcio da noite. Ele est\u00e1 consciente, bem e descansar\u00e1 em casa, retornando \u00e0 unidade de sa\u00fade nesta quarta-feira (16) para novos exames. Por orienta\u00e7\u00e3o m\u00e9dica, seguir\u00e1 em observa\u00e7\u00e3o por tr\u00eas dias, com recomenda\u00e7\u00e3o de repouso total.<\/em><\/p>\n\n\n\n<p><em>A SEMEC ressalta que realizou duas visitas t\u00e9cnicas ao local da competi\u00e7\u00e3o e que nenhuma anormalidade relacionada \u00e0 parte el\u00e9trica foi reportada \u00e0s equipes. Refor\u00e7a ainda que as provas acontecem durante o dia e, por isso, n\u00e3o h\u00e1 necessidade de uso de energia el\u00e9trica para sua realiza\u00e7\u00e3o.<\/em><\/p>\n\n\n\n<p><em>Logo ap\u00f3s o ocorrido, equipes de manuten\u00e7\u00e3o e seguran\u00e7a da UFPI estiveram no local, isolaram a \u00e1rea e desligaram a energia da regi\u00e3o, orientando os estudantes para evitar contato com estruturas met\u00e1licas.<\/em><\/p>\n\n\n\n<p><em>A SEMEC segue acompanhando de perto o caso, prestando o suporte necess\u00e1rio ao aluno e \u00e0 fam\u00edlia.<\/em><\/p>\n\n\n\n<p><strong>Fonte: G1 PI <\/strong><\/p>\n","protected":false},"excerpt":{"rendered":"<p>Um adolescente de 13 anos sofreu uma descarga el\u00e9trica ao encostar em um poste durante uma prova de atletismo dos Jogos Escolares Municipais de Teresina, na manh\u00e3 desta ter\u00e7a-feira (15). O caso ocorreu no Campus Ministro Petr\u00f4nio Portela, da Universidade Federal do Piau\u00ed.\u00a0A energia da regi\u00e3o foi desligada e o local foi isolado. Ao\u00a0g1, familiares [&hellip;]<\/p>\n","protected":false},"author":4,"featured_media":63646,"comment_status":"open","ping_status":"open","sticky":false,"template":"","format":"standard","meta":{"beyondwords_generate_audio":"1","beyondwords_project_id":"","beyondwords_podcast_id":"","beyondwords_hash":"","beyondwords_error_message":"","beyondwords_disabled":"","publish_post_to_speechkit":"","speechkit_generate_audio":"","speechkit_project_id":"","speechkit_podcast_id":"","speechkit_hash":"","speechkit_error_message":"","speechkit_disabled":"","speechkit_access_key":"","speechkit_error":"","speechkit_info":"","speechkit_response":"","speechkit_retries":"","_speechkit_link":"","_speechkit_text":""},"categories":[51,81],"tags":[177,132,12631,44,564,45,565,46,288,52,567,5765,405],"jetpack_featured_media_url":"https:\/\/pinews.com.br\/wp-content\/uploads\/2025\/04\/whatsapp-image-2025-04-15-at-19.14.30.jpeg","_links":{"self":[{"href":"https:\/\/pinews.com.br\/index.php\/wp-json\/wp\/v2\/posts\/63645"}],"collection":[{"href":"https:\/\/pinews.com.br\/index.php\/wp-json\/wp\/v2\/posts"}],"about":[{"href":"https:\/\/pinews.com.br\/index.php\/wp-json\/wp\/v2\/types\/post"}],"author":[{"embeddable":true,"href":"https:\/\/pinews.com.br\/index.php\/wp-json\/wp\/v2\/users\/4"}],"replies":[{"embeddable":true,"href":"https:\/\/pinews.com.br\/index.php\/wp-json\/wp\/v2\/comments?post=63645"}],"version-history":[{"count":1,"href":"https:\/\/pinews.com.br\/index.php\/wp-json\/wp\/v2\/posts\/63645\/revisions"}],"predecessor-version":[{"id":63647,"href":"https:\/\/pinews.com.br\/index.php\/wp-json\/wp\/v2\/posts\/63645\/revisions\/63647"}],"wp:featuredmedia":[{"embeddable":true,"href":"https:\/\/pinews.com.br\/index.php\/wp-json\/wp\/v2\/media\/63646"}],"wp:attachment":[{"href":"https:\/\/pinews.com.br\/index.php\/wp-json\/wp\/v2\/media?parent=63645"}],"wp:term":[{"taxonomy":"category","embeddable":true,"href":"https:\/\/pinews.com.br\/index.php\/wp-json\/wp\/v2\/categories?post=63645"},{"taxonomy":"post_tag","embeddable":true,"href":"https:\/\/pinews.com.br\/index.php\/wp-json\/wp\/v2\/tags?post=63645"}],"curies":[{"name":"wp","href":"https:\/\/api.w.org\/{rel}","templated":true}]}}