{"id":63661,"date":"2025-04-18T18:19:55","date_gmt":"2025-04-18T21:19:55","guid":{"rendered":"https:\/\/pinews.com.br\/?p=63661"},"modified":"2025-04-18T18:19:57","modified_gmt":"2025-04-18T21:19:57","slug":"policia-descobre-buraco-em-penitenciaria-no-piaui-e-impede-fuga-de-11-detentos","status":"publish","type":"post","link":"https:\/\/pinews.com.br\/index.php\/2025\/04\/18\/policia-descobre-buraco-em-penitenciaria-no-piaui-e-impede-fuga-de-11-detentos\/","title":{"rendered":"Pol\u00edcia descobre buraco em penitenci\u00e1ria no Piau\u00ed e impede fuga de 11 detentos"},"content":{"rendered":"\n<p>A Pol\u00edcia Penal do Piau\u00ed descobriu na tarde desta quinta-feira (17) um buraco em uma cela na penitenci\u00e1ria Professor Jos\u00e9 de Ribamar Leite, a antiga Casa de Cust\u00f3dia, na Zona Sul de Teresina. Na cela viviam 11 detentos que planejavam fugir, segundo a pol\u00edcia.<\/p>\n\n\n\n<p>Segundo Reginaldo Moreira, diretor de Administra\u00e7\u00e3o Penitenci\u00e1ria da Secretaria de Justi\u00e7a (Sejus), durante fiscaliza\u00e7\u00e3o,&nbsp;detectaram um dano no banheiro da pris\u00e3o, um buraco profundo.<\/p>\n\n\n\n<p>Os 11 detentos, segundo a Pol\u00edcia Penal, t\u00eam hist\u00f3rico de mal comportamento. Eles foram encaminhados para a Central de Flagrante para serem autuados pelo crime de dano \u00e0 estrutura da cela.<\/p>\n\n\n\n<p>Al\u00e9m disso, responder\u00e3o a um\u00a0Processo Administrativo Disciplinar (PAD)\u00a0&#8211; obrigat\u00f3rio para a apura\u00e7\u00e3o de falta grave no \u00e2mbito da execu\u00e7\u00e3o penal.<\/p>\n\n\n\n<p><strong>Fonte: G1 PI <\/strong><\/p>\n","protected":false},"excerpt":{"rendered":"<p>A Pol\u00edcia Penal do Piau\u00ed descobriu na tarde desta quinta-feira (17) um buraco em uma cela na penitenci\u00e1ria Professor Jos\u00e9 de Ribamar Leite, a antiga Casa de Cust\u00f3dia, na Zona Sul de Teresina. Na cela viviam 11 detentos que planejavam fugir, segundo a pol\u00edcia. Segundo Reginaldo Moreira, diretor de Administra\u00e7\u00e3o Penitenci\u00e1ria da Secretaria de Justi\u00e7a [&hellip;]<\/p>\n","protected":false},"author":4,"featured_media":63662,"comment_status":"open","ping_status":"open","sticky":false,"template":"","format":"standard","meta":{"beyondwords_generate_audio":"1","beyondwords_project_id":"","beyondwords_podcast_id":"","beyondwords_hash":"","beyondwords_error_message":"","beyondwords_disabled":"","publish_post_to_speechkit":"","speechkit_generate_audio":"","speechkit_project_id":"","speechkit_podcast_id":"","speechkit_hash":"","speechkit_error_message":"","speechkit_disabled":"","speechkit_access_key":"","speechkit_error":"","speechkit_info":"","speechkit_response":"","speechkit_retries":"","_speechkit_link":"","_speechkit_text":""},"categories":[51,78,81],"tags":[3631,352,44,624,2259,46,153,8275,1417,52,466],"jetpack_featured_media_url":"https:\/\/pinews.com.br\/wp-content\/uploads\/2025\/04\/padrao-imagem-g1-9-.jpeg","_links":{"self":[{"href":"https:\/\/pinews.com.br\/index.php\/wp-json\/wp\/v2\/posts\/63661"}],"collection":[{"href":"https:\/\/pinews.com.br\/index.php\/wp-json\/wp\/v2\/posts"}],"about":[{"href":"https:\/\/pinews.com.br\/index.php\/wp-json\/wp\/v2\/types\/post"}],"author":[{"embeddable":true,"href":"https:\/\/pinews.com.br\/index.php\/wp-json\/wp\/v2\/users\/4"}],"replies":[{"embeddable":true,"href":"https:\/\/pinews.com.br\/index.php\/wp-json\/wp\/v2\/comments?post=63661"}],"version-history":[{"count":1,"href":"https:\/\/pinews.com.br\/index.php\/wp-json\/wp\/v2\/posts\/63661\/revisions"}],"predecessor-version":[{"id":63663,"href":"https:\/\/pinews.com.br\/index.php\/wp-json\/wp\/v2\/posts\/63661\/revisions\/63663"}],"wp:featuredmedia":[{"embeddable":true,"href":"https:\/\/pinews.com.br\/index.php\/wp-json\/wp\/v2\/media\/63662"}],"wp:attachment":[{"href":"https:\/\/pinews.com.br\/index.php\/wp-json\/wp\/v2\/media?parent=63661"}],"wp:term":[{"taxonomy":"category","embeddable":true,"href":"https:\/\/pinews.com.br\/index.php\/wp-json\/wp\/v2\/categories?post=63661"},{"taxonomy":"post_tag","embeddable":true,"href":"https:\/\/pinews.com.br\/index.php\/wp-json\/wp\/v2\/tags?post=63661"}],"curies":[{"name":"wp","href":"https:\/\/api.w.org\/{rel}","templated":true}]}}