{"id":6370,"date":"2020-04-01T12:43:50","date_gmt":"2020-04-01T15:43:50","guid":{"rendered":"https:\/\/pinews.com.br\/?p=6370"},"modified":"2020-04-01T12:43:50","modified_gmt":"2020-04-01T15:43:50","slug":"auxilio-emergencial-de-r-600-deve-chegar-primeiro-a-quem-recebe-bolsa-familia","status":"publish","type":"post","link":"https:\/\/pinews.com.br\/index.php\/2020\/04\/01\/auxilio-emergencial-de-r-600-deve-chegar-primeiro-a-quem-recebe-bolsa-familia\/","title":{"rendered":"Aux\u00edlio emergencial de R$ 600 deve chegar primeiro a quem recebe Bolsa Fam\u00edlia"},"content":{"rendered":"\n<p><em>Foto: Reprodu\u00e7\u00e3o <\/em><\/p>\n\n\n\n<p style=\"text-align:justify\">Os benefici\u00e1rios do Bolsa Fam\u00edlia devem ser os primeiros a receber o pagamento do aux\u00edlio emergencial de R$ 600 (ou R$ 1,2 mil no caso de mulheres chefes de fam\u00edlia) aprovado pelo Congresso Nacional, de acordo com o Minist\u00e9rio da Cidadania. Por receberem uma transfer\u00eancia de renda do governo federal, esses cidad\u00e3os j\u00e1 est\u00e3o nas bases de dados do governo.<\/p>\n\n\n\n<p style=\"text-align:justify\">O objetivo da pasta \u00e9 viabilizar o primeiro pagamento j\u00e1 na pr\u00f3xima folha, que come\u00e7a a ser paga em 16 de abril aos benefici\u00e1rios. Caso n\u00e3o haja tempo h\u00e1bil, est\u00e1 no radar a possibilidade de rodar uma folha suplementar para agilizar a libera\u00e7\u00e3o. Os benefici\u00e1rios receber\u00e3o apenas a ajuda de maior valor \u2013 caso seja o aux\u00edlio emergencial, ele substituir\u00e1 o Bolsa temporariamente. O programa tem hoje mais de 14 milh\u00f5es de fam\u00edlias.<\/p>\n\n\n\n<p style=\"text-align:justify\">Os demais trabalhadores que pretendem pleitear o aux\u00edlio emergencial n\u00e3o devem se dirigir a nenhuma ag\u00eancia banc\u00e1ria, lot\u00e9rica ou Centro de Refer\u00eancia de Assist\u00eancia Social (CRAS) neste momento, uma vez que o governo ainda n\u00e3o definiu como ser\u00e1 o cadastro.<\/p>\n\n\n\n<p style=\"text-align:justify\">O Minist\u00e9rio espera definir at\u00e9 a pr\u00f3xima quinta-feira, 2, a solu\u00e7\u00e3o tecnol\u00f3gica que ser\u00e1 usada para cadastrar os trabalhadores informais que hoje s\u00e3o \u201cinvis\u00edveis\u201d \u00e0 administra\u00e7\u00e3o p\u00fablica, ou seja, n\u00e3o est\u00e3o nas bases de dados. Esse \u00e9 o maior gargalo na operacionaliza\u00e7\u00e3o do pagamento do aux\u00edlio emergencial.<\/p>\n\n\n\n<p style=\"text-align:justify\">Os t\u00e9cnicos ainda n\u00e3o decidiram se a autodeclara\u00e7\u00e3o ser\u00e1 por aplicativo ou diretamente no banco. H\u00e1 uma preocupa\u00e7\u00e3o com solu\u00e7\u00f5es presenciais, uma vez que as autoridades sanit\u00e1rias recomendam isolamento social como medida de combate ao avan\u00e7o do novo coronav\u00edrus no Pa\u00eds.<\/p>\n\n\n\n<p style=\"text-align:justify\">Trabalhadores aut\u00f4nomos e microempreendedores individuais tamb\u00e9m devem receber mais rapidamente o pagamento do aux\u00edlio emergencial, uma vez que s\u00e3o facilmente rastre\u00e1veis pelo governo Os trabalhadores aut\u00f4nomos contribuem \u00e0 Previd\u00eancia e est\u00e3o cadastrados junto ao INSS. O Minist\u00e9rio da Economia tamb\u00e9m possui um cadastro das inscri\u00e7\u00f5es de quem \u00e9 MEI, que deve ser compartilhado com a Cidadania.<\/p>\n\n\n\n<p style=\"text-align:justify\">O governo pretende usar os bancos p\u00fablicos (Caixa, Banco do Brasil, Banco da Amaz\u00f4nia e Banco do Nordeste), al\u00e9m da rede de lot\u00e9ricas e ag\u00eancias dos Correios, para acelerar os pagamentos.<\/p>\n\n\n\n<p style=\"text-align:justify\">O presidente Jair Bolsonaro ainda precisa sancionar o projeto de lei e editar um decreto regulamentando a opera\u00e7\u00e3o. Al\u00e9m disso, uma Medida Provis\u00f3ria, com vig\u00eancia imediata, abrindo cr\u00e9dito extraordin\u00e1rio para os pagamentos tamb\u00e9m precisa ser publicada. A inten\u00e7\u00e3o do governo \u00e9 viabilizar essas etapas nos pr\u00f3ximos dias.<\/p>\n\n\n\n<p><strong>Fonte: Estad\u00e3o Conte\u00fado<\/strong><\/p>\n","protected":false},"excerpt":{"rendered":"<p>Foto: Reprodu\u00e7\u00e3o Os benefici\u00e1rios do Bolsa Fam\u00edlia devem ser os primeiros a receber o pagamento do aux\u00edlio emergencial de R$ 600 (ou R$ 1,2 mil no caso de mulheres chefes de fam\u00edlia) aprovado pelo Congresso Nacional, de acordo com o Minist\u00e9rio da Cidadania. Por receberem uma transfer\u00eancia de renda do governo federal, esses cidad\u00e3os j\u00e1 [&hellip;]<\/p>\n","protected":false},"author":1,"featured_media":6371,"comment_status":"open","ping_status":"open","sticky":false,"template":"","format":"standard","meta":{"beyondwords_generate_audio":"","beyondwords_project_id":"","beyondwords_podcast_id":"","beyondwords_hash":"","beyondwords_error_message":"","beyondwords_disabled":"","publish_post_to_speechkit":"","speechkit_generate_audio":"","speechkit_project_id":"","speechkit_podcast_id":"","speechkit_hash":"","speechkit_error_message":"","speechkit_disabled":"","speechkit_access_key":"","speechkit_error":"","speechkit_info":"","speechkit_response":"","speechkit_retries":"","_speechkit_link":"","_speechkit_text":""},"categories":[516,134],"tags":[2328,2329,1198],"jetpack_featured_media_url":"","_links":{"self":[{"href":"https:\/\/pinews.com.br\/index.php\/wp-json\/wp\/v2\/posts\/6370"}],"collection":[{"href":"https:\/\/pinews.com.br\/index.php\/wp-json\/wp\/v2\/posts"}],"about":[{"href":"https:\/\/pinews.com.br\/index.php\/wp-json\/wp\/v2\/types\/post"}],"author":[{"embeddable":true,"href":"https:\/\/pinews.com.br\/index.php\/wp-json\/wp\/v2\/users\/1"}],"replies":[{"embeddable":true,"href":"https:\/\/pinews.com.br\/index.php\/wp-json\/wp\/v2\/comments?post=6370"}],"version-history":[{"count":0,"href":"https:\/\/pinews.com.br\/index.php\/wp-json\/wp\/v2\/posts\/6370\/revisions"}],"wp:featuredmedia":[{"embeddable":true,"href":"https:\/\/pinews.com.br\/index.php\/wp-json\/"}],"wp:attachment":[{"href":"https:\/\/pinews.com.br\/index.php\/wp-json\/wp\/v2\/media?parent=6370"}],"wp:term":[{"taxonomy":"category","embeddable":true,"href":"https:\/\/pinews.com.br\/index.php\/wp-json\/wp\/v2\/categories?post=6370"},{"taxonomy":"post_tag","embeddable":true,"href":"https:\/\/pinews.com.br\/index.php\/wp-json\/wp\/v2\/tags?post=6370"}],"curies":[{"name":"wp","href":"https:\/\/api.w.org\/{rel}","templated":true}]}}