{"id":63706,"date":"2025-04-21T06:48:07","date_gmt":"2025-04-21T09:48:07","guid":{"rendered":"https:\/\/pinews.com.br\/?p=63706"},"modified":"2025-04-21T06:48:09","modified_gmt":"2025-04-21T09:48:09","slug":"morre-papa-francisco-aos-88-anos-diz-vaticano","status":"publish","type":"post","link":"https:\/\/pinews.com.br\/index.php\/2025\/04\/21\/morre-papa-francisco-aos-88-anos-diz-vaticano\/","title":{"rendered":"Morre papa Francisco aos 88 anos, diz Vaticano"},"content":{"rendered":"\n<p>Jorge Mario Bergoglio, o papa Francisco, morreu aos 88 anos \u00e0s 2h35 pelo hor\u00e1rio de Bras\u00edlia, 7h35 pelo hor\u00e1rio local, desta segunda-feira (21). As informa\u00e7\u00f5es foram confirmadas pelo Vaticano. O pont\u00edfice ocupou o cargo m\u00e1ximo da Igreja Cat\u00f3lica por 12 anos.<\/p>\n\n\n\n<blockquote class=\"wp-block-quote\">\n<p>&#8220;O Bispo de Roma, Francisco, retornou \u00e0 casa do Pai. Toda a sua vida foi dedicada ao servi\u00e7o do Senhor e de Sua Igreja. Ele nos ensinou a viver os valores do Evangelho com fidelidade, coragem e amor universal, especialmente em favor dos mais pobres e marginalizados. Com imensa gratid\u00e3o por seu exemplo como verdadeiro disc\u00edpulo do Senhor Jesus, recomendamos a alma do Papa Francisco ao infinito amor misericordioso do Deus Trino&#8221;, diz comunicado oficial.<\/p>\n<\/blockquote>\n\n\n\n<p>Nascido em 17 de dezembro de 1936 em Buenos Aires, na Argentina, Francisco foi o primeiro papa latino-americano da hist\u00f3ria. Ele tamb\u00e9m foi o primeiro pont\u00edfice da era moderna a assumir o papado ap\u00f3s a ren\u00fancia do seu antecessor e, ainda, o primeiro jesu\u00edta no posto.<\/p>\n\n\n\n<h2>Alta ap\u00f3s quadro de bronquite<\/h2>\n\n\n\n<p><a class=\"\" href=\"https:\/\/g1.globo.com\/saude\/noticia\/2025\/04\/21\/pulmao-intestino-e-mais-os-problemas-de-saude-enfrentados-por-francisco.ghtml\">Francisco ficou internado por cerca de 40 dias com um quadro de bronquite.<\/a>&nbsp;A primeira hospitaliza\u00e7\u00e3o foi no in\u00edcio de fevereiro. Nos dias seguintes, o papa come\u00e7ou a ter dificuldades para discursar durante audi\u00eancias religiosas. Ele admitiu publicamente que estava com dificuldades respirat\u00f3rias e chegou a pedir para um auxiliar fazer a leitura do serm\u00e3o.<\/p>\n\n\n\n<p>No dia 14 de fevereiro, o papa foi internado no hospital Agostino Gemelli para fazer exames e tratar a bronquite. Mesmo hospitalizado, ele continuou participando de algumas atividades religiosas. No domingo (16), ele pediu desculpas por faltar \u00e0 ora\u00e7\u00e3o semanal com fi\u00e9is na Pra\u00e7a de S\u00e3o Pedro.<\/p>\n\n\n\n<p>J\u00e1 na segunda-feira (17), o Vaticano informou que Francisco estava com uma infec\u00e7\u00e3o polimicrobiana \u2014 causada por um ou mais microrganismos, como bact\u00e9rias, v\u00edrus ou fungos. O quadro de sa\u00fade do papa foi descrito como &#8220;complexo&#8221;.<\/p>\n\n\n\n<p>No dia seguinte, em um novo boletim, o Vaticano anunciou que o pont\u00edfice estava com uma pneumonia bilateral. A infec\u00e7\u00e3o \u00e9 mais grave do que uma pneumonia comum, j\u00e1 que pode prejudicar a respira\u00e7\u00e3o e a circula\u00e7\u00e3o de oxig\u00eanio pelo organismo de uma forma geral.<\/p>\n\n\n\n<p><a class=\"\" href=\"https:\/\/g1.globo.com\/mundo\/noticia\/2025\/03\/22\/papa-francisco-vai-ter-alta-no-domingo-dizem-medicos.ghtml\">O Papa teve alta do hospital ap\u00f3s ficar cerca de 40 dias internado.<\/a><\/p>\n\n\n\n<p>At\u00e9 a publica\u00e7\u00e3o desta reportagem, o Vaticano n\u00e3o havia dado detalhes sobre o funeral do papa Francisco. A Igreja Cat\u00f3lica deve se reunir nas pr\u00f3ximas semanas para decidir quem ser\u00e1 o novo papa.<\/p>\n\n\n\n<h2>Os desafios do papado de Francisco<\/h2>\n\n\n\n<figure class=\"wp-block-image\"><img decoding=\"async\" src=\"https:\/\/s2-g1.glbimg.com\/9OgG7xF8AzCU4fDFd4-DjRuNR20=\/0x0:4282x2871\/984x0\/smart\/filters:strip_icc()\/i.s3.glbimg.com\/v1\/AUTH_59edd422c0c84a879bd37670ae4f538a\/internal_photos\/bs\/2019\/s\/x\/aA6BYVRgu8VkiYib0bqg\/2019-04-21t100549z-1670918418-rc176771a510-rtrmadp-3-religion-easter-pope.jpg\" alt=\"Papa Francisco acena para fi\u00e9is na Pra\u00e7a S\u00e3o Pedro durante celebra\u00e7\u00e3o da P\u00e1scoa, neste domingo (21). \u2014 Foto: Reuters\"\/><figcaption class=\"wp-element-caption\">Papa Francisco acena para fi\u00e9is na Pra\u00e7a S\u00e3o Pedro durante celebra\u00e7\u00e3o da P\u00e1scoa, neste domingo (21). \u2014 Foto: Reuters<\/figcaption><\/figure>\n\n\n\n<p>Apesar de ter sido eleito papa contra a pr\u00f3pria vontade, a carreira de Francisco no catolicismo foi uma escolha pr\u00f3pria do argentino. Formado em Ci\u00eancias Qu\u00edmicas e professor de Literatura, o religioso filho de imigrantes italianos acabou optando por se dedicar aos estudos eclesi\u00e1sticos.<\/p>\n\n\n\n<p>Seu perfil jovial e descontra\u00eddo \u2014 ele gostava de fazer piadas e brincadeiras \u2014 o tornou uma op\u00e7\u00e3o popular entre os colegas cardeais e uma escolha antes de mais nada conjuntural.<\/p>\n\n\n\n<p>A Igreja Cat\u00f3lica vivia ent\u00e3o um de seus momentos mais delicados. A popularidade em baixa e os esc\u00e2ndalos de pedofilia envolvendo padres em todo o mundo s\u00e3o apenas alguns dos desafios que o pont\u00edfice enfrentaria durante seu papado.<\/p>\n\n\n\n<p>A modernidade tamb\u00e9m levou Francisco a lidar com outros assuntos delicados para a Igreja, como os direitos LGBTQIA+ e o sexismo.<\/p>\n\n\n\n<p>Ele foi elogiado por avan\u00e7os como o de permitir b\u00ean\u00e7\u00e3os de padres a casais do mesmo sexo, colocar mulheres em cargos mais altos no Vaticano e permitir que elas votassem no S\u00ednodo dos Bispos \u2014 a reuni\u00e3o em que bispos debatem e decidem quest\u00f5es ideol\u00f3gicas e regimentos internos.<\/p>\n\n\n\n<p>Mas tamb\u00e9m foi criticado por n\u00e3o avan\u00e7ar menos do que o esperado na quest\u00e3o feminina. Francisco terminou seu papado sem permitir sacerdotes do sexo feminino, reivindica\u00e7\u00e3o hist\u00f3rica de parte das cat\u00f3licas.<\/p>\n\n\n\n<p>O papa defendia que apenas crist\u00e3os do sexo masculino poderiam ser ordenados para o sacerd\u00f3cio, usando como base a premissa da Igreja Cat\u00f3lica de que Jesus escolheu homens como ap\u00f3stolos.<\/p>\n\n\n\n<h2>Discursos pol\u00edticos e combate \u00e0 pobreza<\/h2>\n\n\n\n<p>O pont\u00edfice tamb\u00e9m ficou marcado por discursos pol\u00edticos durantes serm\u00f5es. N\u00e3o poupou cr\u00edticas a l\u00edderes de pa\u00edses em guerra, como o russo Vladimir Putin e o israelense Benjamin Netanyahu. Ele tamb\u00e9m apontou o dedo para a Uni\u00e3o Europeia ao citar a crise dos refugiados, que come\u00e7ou durante seu papado, em 2015.<\/p>\n\n\n\n<p>Em uma das imagens mais impressionantes e sem precedentes na Igreja Cat\u00f3lica, rezou sozinho na sempre lotada Pra\u00e7a S\u00e3o Pedro, no Vaticano, quando a Covid-19 se espalhou pelo mundo e fez v\u00e1rios pa\u00edses decretarem quarentena.<\/p>\n\n\n\n<p>Mas o combate \u00e0 pobreza sempre foi sua prioridade. Ao ser apontado como o novo papa, ele escolheu o nome de seu novo t\u00edtulo em homenagem a S\u00e3o Francisco de Assis, protetor dos pobres. O lema de seu papado foi &#8220;Miserando atque eligendo&#8221; \u2014 &#8220;Olhou-o com miseric\u00f3rdia e o escolheu&#8221;, em portugu\u00eas.<\/p>\n\n\n\n<p>As reformas da Igreja Cat\u00f3lica tamb\u00e9m foram outra marca do papado de Francisco. Ele iniciou um processo de reforma das estruturas da C\u00faria, que \u00e9 o governo do Vaticano, com aten\u00e7\u00e3o especial para a parte econ\u00f4mica e financeira.<\/p>\n\n\n\n<h2>Francisco, \u2018um grande reformador\u2019<\/h2>\n\n\n\n<p>Aos 80 anos, com dores no quadril que, por vezes, o faziam perder o equil\u00edbrio, ele n\u00e3o falava de ren\u00fancia, como seu predecessor Bento XVI teve a aud\u00e1cia de fazer.<\/p>\n\n\n\n<p>&#8220;Estou indo em frente&#8221;, disse ele na ocasi\u00e3o, contrariando declara\u00e7\u00f5es mais melanc\u00f3licas feitas antes disso, em mar\u00e7o de 2015: &#8220;Tenho a sensa\u00e7\u00e3o de que meu pontificado ser\u00e1 breve, quatro ou cinco anos&#8221;.<\/p>\n\n\n\n<p>Francisco parecia impulsionado por uma miss\u00e3o urgente: incentivar uma Igreja desertada em alguns pa\u00edses a acompanhar com miseric\u00f3rdia os cat\u00f3licos em situa\u00e7\u00f5es irregulares.<\/p>\n\n\n\n<p>&#8220;Podemos falar de uma revolu\u00e7\u00e3o, nos passos do Conc\u00edlio Vaticano II&#8221; (1962-1965), que abriu a Igreja ao mundo moderno, disse \u00e0 AFP o especialista em Vaticano Marco Politi, em 2016.<\/p>\n\n\n\n<p>Politi classifica Francisco como &#8220;um grande reformador\u201d que tentou fazer \u201ccom que a Igreja abandonasse a sua obsess\u00e3o hist\u00f3rica em tabus sexuais&#8221;.<\/p>\n\n\n\n<p>Ele foi o primeiro papa a ter convidado um transexual ao Vaticano e se recusou a julgar os homossexuais. Para Francisco, a Igreja era um \u201chospital de campanha, n\u00e3o um posto alfandeg\u00e1rio&#8221;, que separa os bons e maus crist\u00e3os, disse Politi.<\/p>\n\n\n\n<p>O argentino foi eleito, entre outros, para continuar a reestrutura\u00e7\u00e3o econ\u00f4mica da Santa S\u00e9 iniciada sob Bento XVI com, por exemplo, o fechamento de contas suspeitas no banco do Vaticano, por muito tempo acusado de lavagem de dinheiro.<\/p>\n\n\n\n<p>&#8220;Em termos de doutrina, ela [papa Francisco] n\u00e3o mudou nada. Neste sentido, nunca fez parte dos progressistas&#8221;, afirmou Politi. Segundo o especialista, o papa n\u00e3o tinha a inten\u00e7\u00e3o de ordenar padres casados ou mulheres, e se mostrou horrorizado com o aborto. Ele gostaria que seu trabalho reformista tivesse &#8220;uma continuidade&#8221;.<\/p>\n\n\n\n<p>O papa tinha um forte consenso entre os fi\u00e9is e, tamb\u00e9m, entre alguns agn\u00f3sticos e n\u00e3o-crentes. Mas ele n\u00e3o agradava aos ultraconservadores, que tentavam desacredit\u00e1-lo.<\/p>\n\n\n\n<h2>Bergoglio antes de ser papa<\/h2>\n\n\n\n<figure class=\"wp-block-image\"><img decoding=\"async\" src=\"https:\/\/s2-g1.glbimg.com\/ki0eaMDOLI7TLRWZGBVYd6Sq0mQ=\/0x0:1700x1065\/984x0\/smart\/filters:strip_icc()\/s.glbimg.com\/jo\/g1\/f\/original\/2013\/03\/13\/000_mvd6504793.jpg\" alt=\"O cardeal Jorge Mario Bergoglio em fevereiro de 2013 na Argentina \u2014 Foto: Juan Mabromata\/AFP\"\/><figcaption class=\"wp-element-caption\">O cardeal Jorge Mario Bergoglio em fevereiro de 2013 na Argentina \u2014 Foto: Juan Mabromata\/AFP<\/figcaption><\/figure>\n\n\n\n<p><\/p>\n\n\n\n<p>Francisco nasceu em Buenos Aires, em 1936. Seus pais, ambos italianos, chegaram \u00e0 Argentina em 1929, junto de uma leva de imigrantes europeus em busca de oportunidades de trabalho na Am\u00e9rica.<\/p>\n\n\n\n<p>Arcebispo da capital argentina, ele era considerado um homem t\u00edmido e de poucas palavras, mas com grande prest\u00edgio entre seus seguidores. O religioso era admirado pela sua total disponibilidade e seu estilo de vida sem ostenta\u00e7\u00e3o.<\/p>\n\n\n\n<p>O argentino tamb\u00e9m era reconhecido por seus dotes intelectuais, por ser considerado dialogante e moderado, al\u00e9m de ter paix\u00f5es pelo tango e pelo time de futebol San Lorenzo.<\/p>\n\n\n\n<p>Antes de seguir carreira religiosa, Bergoglio formou-se t\u00e9cnico qu\u00edmico. Depois, ingressou em um semin\u00e1rio no bairro de Villa Devoto. Em mar\u00e7o de 1958, entrou no noviciado da Companhia de Jesus, congrega\u00e7\u00e3o religiosa dos jesu\u00edtas, fundada no s\u00e9culo 16.<\/p>\n\n\n\n<p>Em 1963, Bergoglio estudou humanidades no Chile e voltou \u00e0 Argentina no ano seguinte para ser professor de literatura e psicologia no Col\u00e9gio Imaculada Concei\u00e7\u00e3o de Santa F\u00e9.<\/p>\n\n\n\n<p>Entre 1967 e 1970, foi estudar teologia e acabou sendo ordenado sacerdote no dia 13 de dezembro de 1969. Em menos de quatro anos chegou a liderar a congrega\u00e7\u00e3o jesu\u00edta local, um cargo que exerceu de 1973 a 1979.<\/p>\n\n\n\n<p>Foi reitor da Faculdade de Filosofia e Teologia de San Miguel, entre 1980 e 1986, e, depois de completar sua tese de doutorado na Alemanha, serviu como confessor e diretor espiritual em C\u00f3rdoba. Em 1992, Bergoglio foi nomeado bispo titular de Auca e auxiliar de Buenos Aires.<\/p>\n\n\n\n<p>Em 1997, ele virou arcebispo titular de Buenos Aires. Em 2001, foi nomeado cardeal e primaz da Argentina pelo papa Jo\u00e3o Paulo II. Entre 2005 e 2011, ocupou a presid\u00eancia da Confer\u00eancia Episcopal do pa\u00eds durante dois per\u00edodos, at\u00e9 que deixou o posto porque os estatutos o impediam de continuar.<\/p>\n\n\n\n<p>Na Santa S\u00e9, Bergoglio foi membro da Congrega\u00e7\u00e3o para o Culto Divino e a disciplina dos Sacramentos; da Congrega\u00e7\u00e3o para o Clero; da Congrega\u00e7\u00e3o para os Institutos de Vida Consagrada e das Sociedades de Vida Apost\u00f3lica; do Pontif\u00edcio Conselho para a Fam\u00edlia e a Pontif\u00edcia Comiss\u00e3o para a Am\u00e9rica Latina.<\/p>\n\n\n\n<p><strong>Fonte: G1<\/strong><\/p>\n","protected":false},"excerpt":{"rendered":"<p>Jorge Mario Bergoglio, o papa Francisco, morreu aos 88 anos \u00e0s 2h35 pelo hor\u00e1rio de Bras\u00edlia, 7h35 pelo hor\u00e1rio local, desta segunda-feira (21). As informa\u00e7\u00f5es foram confirmadas pelo Vaticano. O pont\u00edfice ocupou o cargo m\u00e1ximo da Igreja Cat\u00f3lica por 12 anos. &#8220;O Bispo de Roma, Francisco, retornou \u00e0 casa do Pai. Toda a sua vida [&hellip;]<\/p>\n","protected":false},"author":1,"featured_media":63707,"comment_status":"open","ping_status":"open","sticky":false,"template":"","format":"standard","meta":{"beyondwords_generate_audio":"1","beyondwords_project_id":"","beyondwords_podcast_id":"","beyondwords_hash":"","beyondwords_error_message":"","beyondwords_disabled":"","publish_post_to_speechkit":"","speechkit_generate_audio":"","speechkit_project_id":"","speechkit_podcast_id":"","speechkit_hash":"","speechkit_error_message":"","speechkit_disabled":"","speechkit_access_key":"","speechkit_error":"","speechkit_info":"","speechkit_response":"","speechkit_retries":"","_speechkit_link":"","_speechkit_text":""},"categories":[1184,134,1147,11974],"tags":[10366,82,142,683,702,119,3129,5779],"jetpack_featured_media_url":"https:\/\/pinews.com.br\/wp-content\/uploads\/2025\/04\/Screenshot_5.png","_links":{"self":[{"href":"https:\/\/pinews.com.br\/index.php\/wp-json\/wp\/v2\/posts\/63706"}],"collection":[{"href":"https:\/\/pinews.com.br\/index.php\/wp-json\/wp\/v2\/posts"}],"about":[{"href":"https:\/\/pinews.com.br\/index.php\/wp-json\/wp\/v2\/types\/post"}],"author":[{"embeddable":true,"href":"https:\/\/pinews.com.br\/index.php\/wp-json\/wp\/v2\/users\/1"}],"replies":[{"embeddable":true,"href":"https:\/\/pinews.com.br\/index.php\/wp-json\/wp\/v2\/comments?post=63706"}],"version-history":[{"count":1,"href":"https:\/\/pinews.com.br\/index.php\/wp-json\/wp\/v2\/posts\/63706\/revisions"}],"predecessor-version":[{"id":63708,"href":"https:\/\/pinews.com.br\/index.php\/wp-json\/wp\/v2\/posts\/63706\/revisions\/63708"}],"wp:featuredmedia":[{"embeddable":true,"href":"https:\/\/pinews.com.br\/index.php\/wp-json\/wp\/v2\/media\/63707"}],"wp:attachment":[{"href":"https:\/\/pinews.com.br\/index.php\/wp-json\/wp\/v2\/media?parent=63706"}],"wp:term":[{"taxonomy":"category","embeddable":true,"href":"https:\/\/pinews.com.br\/index.php\/wp-json\/wp\/v2\/categories?post=63706"},{"taxonomy":"post_tag","embeddable":true,"href":"https:\/\/pinews.com.br\/index.php\/wp-json\/wp\/v2\/tags?post=63706"}],"curies":[{"name":"wp","href":"https:\/\/api.w.org\/{rel}","templated":true}]}}