{"id":63783,"date":"2025-04-26T15:45:42","date_gmt":"2025-04-26T18:45:42","guid":{"rendered":"https:\/\/pinews.com.br\/?p=63783"},"modified":"2025-04-26T15:45:45","modified_gmt":"2025-04-26T18:45:45","slug":"bandeira-amarela-conta-de-luz-ficara-mais-cara-no-mes-de-maio","status":"publish","type":"post","link":"https:\/\/pinews.com.br\/index.php\/2025\/04\/26\/bandeira-amarela-conta-de-luz-ficara-mais-cara-no-mes-de-maio\/","title":{"rendered":"Bandeira amarela: conta de luz ficar\u00e1 mais cara no m\u00eas de maio"},"content":{"rendered":"\n<p>A Ag\u00eancia Nacional de Energia El\u00e9trica (Aneel) decidiu nesta sexta-feira (25) mudar a bandeira tarif\u00e1ria nas contas de energia para amarela. Com a decis\u00e3o, no m\u00eas de maio os consumidores pagar\u00e3o R$ 1,88 a mais a cada 100 quilowatts-hora (kWh) consumidos.<\/p>\n\n\n\n<p>Segundo a Ag\u00eancia, a redu\u00e7\u00e3o das chuvas e a entrada no per\u00edodo seco do ano motivaram a mudan\u00e7a, j\u00e1 que os pr\u00f3ximos meses podem demandar maior acionamento de usinas termel\u00e9tricas, que s\u00e3o mais caras.<\/p>\n\n\n\n<p>O aumento quebra um ciclo de cinco meses com a bandeira verde. Desde dezembro de 2024 as condi\u00e7\u00f5es de gera\u00e7\u00e3o de energia no pa\u00eds estavam favor\u00e1veis.<\/p>\n\n\n\n<p>Como funciona<br>O sistema de bandeiras foi criado em 2015 e elas s\u00e3o divididas em n\u00edveis, de acordo com a dificuldade para gera\u00e7\u00e3o de energia no pa\u00eds.<\/p>\n\n\n\n<p>Quando s\u00e3o aplicadas taxas, a conta sofre acr\u00e9scimos de R$ 1,88, na bandeira amarela; de R$ 4,463, na bandeira vermelha patamar 1; e de R$ 7,877, no caso da bandeira vermelha patamar 2, a cada 100 quilowatts-hora (kWh).<\/p>\n\n\n\n<p>Em 2024, a Aneel cobrou taxas extras na conta de luz de julho, setembro, outubro e novembro, por causa da estiagem.<\/p>\n\n\n\n<p><strong>Fonte: SBT News <\/strong><\/p>\n","protected":false},"excerpt":{"rendered":"<p>A Ag\u00eancia Nacional de Energia El\u00e9trica (Aneel) decidiu nesta sexta-feira (25) mudar a bandeira tarif\u00e1ria nas contas de energia para amarela. Com a decis\u00e3o, no m\u00eas de maio os consumidores pagar\u00e3o R$ 1,88 a mais a cada 100 quilowatts-hora (kWh) consumidos. Segundo a Ag\u00eancia, a redu\u00e7\u00e3o das chuvas e a entrada no per\u00edodo seco do [&hellip;]<\/p>\n","protected":false},"author":4,"featured_media":63784,"comment_status":"open","ping_status":"open","sticky":false,"template":"","format":"standard","meta":{"beyondwords_generate_audio":"1","beyondwords_project_id":"","beyondwords_podcast_id":"","beyondwords_hash":"","beyondwords_error_message":"","beyondwords_disabled":"","publish_post_to_speechkit":"","speechkit_generate_audio":"","speechkit_project_id":"","speechkit_podcast_id":"","speechkit_hash":"","speechkit_error_message":"","speechkit_disabled":"","speechkit_access_key":"","speechkit_error":"","speechkit_info":"","speechkit_response":"","speechkit_retries":"","_speechkit_link":"","_speechkit_text":""},"categories":[516,134],"tags":[7400,7401,6807,6395,44,8206,5792,517,76,1974],"jetpack_featured_media_url":"https:\/\/pinews.com.br\/wp-content\/uploads\/2025\/04\/7fb23b66f6d8c45cab43327b349e8727.jpg","_links":{"self":[{"href":"https:\/\/pinews.com.br\/index.php\/wp-json\/wp\/v2\/posts\/63783"}],"collection":[{"href":"https:\/\/pinews.com.br\/index.php\/wp-json\/wp\/v2\/posts"}],"about":[{"href":"https:\/\/pinews.com.br\/index.php\/wp-json\/wp\/v2\/types\/post"}],"author":[{"embeddable":true,"href":"https:\/\/pinews.com.br\/index.php\/wp-json\/wp\/v2\/users\/4"}],"replies":[{"embeddable":true,"href":"https:\/\/pinews.com.br\/index.php\/wp-json\/wp\/v2\/comments?post=63783"}],"version-history":[{"count":1,"href":"https:\/\/pinews.com.br\/index.php\/wp-json\/wp\/v2\/posts\/63783\/revisions"}],"predecessor-version":[{"id":63785,"href":"https:\/\/pinews.com.br\/index.php\/wp-json\/wp\/v2\/posts\/63783\/revisions\/63785"}],"wp:featuredmedia":[{"embeddable":true,"href":"https:\/\/pinews.com.br\/index.php\/wp-json\/wp\/v2\/media\/63784"}],"wp:attachment":[{"href":"https:\/\/pinews.com.br\/index.php\/wp-json\/wp\/v2\/media?parent=63783"}],"wp:term":[{"taxonomy":"category","embeddable":true,"href":"https:\/\/pinews.com.br\/index.php\/wp-json\/wp\/v2\/categories?post=63783"},{"taxonomy":"post_tag","embeddable":true,"href":"https:\/\/pinews.com.br\/index.php\/wp-json\/wp\/v2\/tags?post=63783"}],"curies":[{"name":"wp","href":"https:\/\/api.w.org\/{rel}","templated":true}]}}