{"id":64027,"date":"2025-05-16T13:35:55","date_gmt":"2025-05-16T16:35:55","guid":{"rendered":"https:\/\/pinews.com.br\/?p=64027"},"modified":"2025-05-16T13:35:59","modified_gmt":"2025-05-16T16:35:59","slug":"preso-e-encontrado-morto-dentro-de-cela-no-piaui","status":"publish","type":"post","link":"https:\/\/pinews.com.br\/index.php\/2025\/05\/16\/preso-e-encontrado-morto-dentro-de-cela-no-piaui\/","title":{"rendered":"Preso \u00e9 encontrado morto dentro de cela no Piau\u00ed"},"content":{"rendered":"\n<p>A Secretaria de Estado da Justi\u00e7a do Piau\u00ed (SEJUS-PI) informou que um detento foi encontrado morto nesta sexta-feira (16\/05) em uma das celas da Cadeia P\u00fablica de Altos. A v\u00edtima foi identificada como Jo\u00e3o Batista da Silva Filho.<\/p>\n\n\n\n<p>Segundo nota da Diretoria de Unidade de Administra\u00e7\u00e3o Penitenci\u00e1ria, a cela e o pavilh\u00e3o onde o corpo foi localizado foram imediatamente isolados. Equipes do Instituto M\u00e9dico Legal (IML) e da Pol\u00edcia Judici\u00e1ria foram acionadas para realizar a per\u00edcia e iniciar as investiga\u00e7\u00f5es.<\/p>\n\n\n\n<p>O juiz respons\u00e1vel pela execu\u00e7\u00e3o penal tamb\u00e9m foi comunicado oficialmente sobre o ocorrido. A SEJUS determinou a abertura de uma sindic\u00e2ncia interna para apurar os fatos e esclarecer as circunst\u00e2ncias da morte.<\/p>\n\n\n\n<p><strong>Fonte: 180 graus<\/strong><\/p>\n","protected":false},"excerpt":{"rendered":"<p>A Secretaria de Estado da Justi\u00e7a do Piau\u00ed (SEJUS-PI) informou que um detento foi encontrado morto nesta sexta-feira (16\/05) em uma das celas da Cadeia P\u00fablica de Altos. A v\u00edtima foi identificada como Jo\u00e3o Batista da Silva Filho. Segundo nota da Diretoria de Unidade de Administra\u00e7\u00e3o Penitenci\u00e1ria, a cela e o pavilh\u00e3o onde o corpo [&hellip;]<\/p>\n","protected":false},"author":4,"featured_media":64028,"comment_status":"open","ping_status":"open","sticky":false,"template":"","format":"standard","meta":{"beyondwords_generate_audio":"1","beyondwords_project_id":"","beyondwords_podcast_id":"","beyondwords_hash":"","beyondwords_error_message":"","beyondwords_disabled":"","publish_post_to_speechkit":"","speechkit_generate_audio":"","speechkit_project_id":"","speechkit_podcast_id":"","speechkit_hash":"","speechkit_error_message":"","speechkit_disabled":"","speechkit_access_key":"","speechkit_error":"","speechkit_info":"","speechkit_response":"","speechkit_retries":"","_speechkit_link":"","_speechkit_text":""},"categories":[51,78],"tags":[1671,44,192,72,200,197,52,79],"jetpack_featured_media_url":"https:\/\/pinews.com.br\/wp-content\/uploads\/2025\/05\/preso-e-encontrado-morto-dentro_-3015249454930160468.jpeg","_links":{"self":[{"href":"https:\/\/pinews.com.br\/index.php\/wp-json\/wp\/v2\/posts\/64027"}],"collection":[{"href":"https:\/\/pinews.com.br\/index.php\/wp-json\/wp\/v2\/posts"}],"about":[{"href":"https:\/\/pinews.com.br\/index.php\/wp-json\/wp\/v2\/types\/post"}],"author":[{"embeddable":true,"href":"https:\/\/pinews.com.br\/index.php\/wp-json\/wp\/v2\/users\/4"}],"replies":[{"embeddable":true,"href":"https:\/\/pinews.com.br\/index.php\/wp-json\/wp\/v2\/comments?post=64027"}],"version-history":[{"count":1,"href":"https:\/\/pinews.com.br\/index.php\/wp-json\/wp\/v2\/posts\/64027\/revisions"}],"predecessor-version":[{"id":64029,"href":"https:\/\/pinews.com.br\/index.php\/wp-json\/wp\/v2\/posts\/64027\/revisions\/64029"}],"wp:featuredmedia":[{"embeddable":true,"href":"https:\/\/pinews.com.br\/index.php\/wp-json\/wp\/v2\/media\/64028"}],"wp:attachment":[{"href":"https:\/\/pinews.com.br\/index.php\/wp-json\/wp\/v2\/media?parent=64027"}],"wp:term":[{"taxonomy":"category","embeddable":true,"href":"https:\/\/pinews.com.br\/index.php\/wp-json\/wp\/v2\/categories?post=64027"},{"taxonomy":"post_tag","embeddable":true,"href":"https:\/\/pinews.com.br\/index.php\/wp-json\/wp\/v2\/tags?post=64027"}],"curies":[{"name":"wp","href":"https:\/\/api.w.org\/{rel}","templated":true}]}}