{"id":64156,"date":"2025-05-26T12:07:08","date_gmt":"2025-05-26T15:07:08","guid":{"rendered":"https:\/\/pinews.com.br\/?p=64156"},"modified":"2025-05-26T12:07:10","modified_gmt":"2025-05-26T15:07:10","slug":"barbeiro-e-morto-a-tiros-enquanto-cortava-cabelo-de-homem-cliente-tambem-foi-atingido","status":"publish","type":"post","link":"https:\/\/pinews.com.br\/index.php\/2025\/05\/26\/barbeiro-e-morto-a-tiros-enquanto-cortava-cabelo-de-homem-cliente-tambem-foi-atingido\/","title":{"rendered":"Barbeiro \u00e9 morto a tiros enquanto cortava cabelo de homem; cliente tamb\u00e9m foi atingido"},"content":{"rendered":"\n<p>Um barbeiro de 25 anos foi morto a tiros enquanto cortava o cabelo de um homem, no bairro de Dois Irm\u00e3os, na Zona Norte do Recife. O crime aconteceu dentro da barbearia em que ele trabalhava e o cliente tamb\u00e9m ficou ferido ao ser atingido por um disparo.<\/p>\n\n\n\n<p>O crime aconteceu na sexta-feira (23), na Rua Professor Cl\u00e1udio Selva, na regi\u00e3o do C\u00f3rrego da Fortuna. O barbeiro foi identificado como Guilherme de Farias, conhecido como &#8220;Perna&#8221;, de 25 anos. Ele era funcion\u00e1rio da barbearia.<\/p>\n\n\n\n<p>O cliente atingido, que n\u00e3o teve o nome divulgado, tem 41 anos. Os dois homens foram socorridos e levados para um hospital. Entretanto, o barbeiro n\u00e3o resistiu aos ferimentos e morreu logo em seguida. N\u00e3o h\u00e1 informa\u00e7\u00f5es sobre o estado de sa\u00fade da outra v\u00edtima.<\/p>\n\n\n\n<p>De acordo com a Pol\u00edcia Civil, o caso foi registrado como homic\u00eddio e tentativa de homic\u00eddio, por meio do Departamento de Homic\u00eddios e Prote\u00e7\u00e3o \u00e0 Pessoa (DHPP). At\u00e9 a \u00faltima atualiza\u00e7\u00e3o desta reportagem, ningu\u00e9m tinha sido preso.<\/p>\n\n\n\n<p>&#8220;Um inqu\u00e9rito policial foi instaurado para apurar as circunst\u00e2ncias do crime e identificar a autoria delitiva&#8221;, informou a Pol\u00edcia Civil, por meio de nota.<\/p>\n\n\n\n<p><strong>Fonte: G1 PE<\/strong><\/p>\n","protected":false},"excerpt":{"rendered":"<p>Um barbeiro de 25 anos foi morto a tiros enquanto cortava o cabelo de um homem, no bairro de Dois Irm\u00e3os, na Zona Norte do Recife. O crime aconteceu dentro da barbearia em que ele trabalhava e o cliente tamb\u00e9m ficou ferido ao ser atingido por um disparo. O crime aconteceu na sexta-feira (23), na [&hellip;]<\/p>\n","protected":false},"author":1,"featured_media":64157,"comment_status":"open","ping_status":"open","sticky":false,"template":"","format":"standard","meta":{"beyondwords_generate_audio":"1","beyondwords_project_id":"","beyondwords_podcast_id":"","beyondwords_hash":"","beyondwords_error_message":"","beyondwords_disabled":"","publish_post_to_speechkit":"","speechkit_generate_audio":"","speechkit_project_id":"","speechkit_podcast_id":"","speechkit_hash":"","speechkit_error_message":"","speechkit_disabled":"","speechkit_access_key":"","speechkit_error":"","speechkit_info":"","speechkit_response":"","speechkit_retries":"","_speechkit_link":"","_speechkit_text":""},"categories":[134,78],"tags":[327,11485,1051,1777,11800,44,72,510,1066,84,197,5547,165],"jetpack_featured_media_url":"https:\/\/pinews.com.br\/wp-content\/uploads\/2025\/05\/dhpp.jpeg","_links":{"self":[{"href":"https:\/\/pinews.com.br\/index.php\/wp-json\/wp\/v2\/posts\/64156"}],"collection":[{"href":"https:\/\/pinews.com.br\/index.php\/wp-json\/wp\/v2\/posts"}],"about":[{"href":"https:\/\/pinews.com.br\/index.php\/wp-json\/wp\/v2\/types\/post"}],"author":[{"embeddable":true,"href":"https:\/\/pinews.com.br\/index.php\/wp-json\/wp\/v2\/users\/1"}],"replies":[{"embeddable":true,"href":"https:\/\/pinews.com.br\/index.php\/wp-json\/wp\/v2\/comments?post=64156"}],"version-history":[{"count":1,"href":"https:\/\/pinews.com.br\/index.php\/wp-json\/wp\/v2\/posts\/64156\/revisions"}],"predecessor-version":[{"id":64158,"href":"https:\/\/pinews.com.br\/index.php\/wp-json\/wp\/v2\/posts\/64156\/revisions\/64158"}],"wp:featuredmedia":[{"embeddable":true,"href":"https:\/\/pinews.com.br\/index.php\/wp-json\/wp\/v2\/media\/64157"}],"wp:attachment":[{"href":"https:\/\/pinews.com.br\/index.php\/wp-json\/wp\/v2\/media?parent=64156"}],"wp:term":[{"taxonomy":"category","embeddable":true,"href":"https:\/\/pinews.com.br\/index.php\/wp-json\/wp\/v2\/categories?post=64156"},{"taxonomy":"post_tag","embeddable":true,"href":"https:\/\/pinews.com.br\/index.php\/wp-json\/wp\/v2\/tags?post=64156"}],"curies":[{"name":"wp","href":"https:\/\/api.w.org\/{rel}","templated":true}]}}