{"id":64167,"date":"2025-05-26T12:13:14","date_gmt":"2025-05-26T15:13:14","guid":{"rendered":"https:\/\/pinews.com.br\/?p=64167"},"modified":"2025-05-26T12:13:18","modified_gmt":"2025-05-26T15:13:18","slug":"homem-e-encontrado-morto-com-sinais-de-violencia-em-rua-no-litoral-do-piaui","status":"publish","type":"post","link":"https:\/\/pinews.com.br\/index.php\/2025\/05\/26\/homem-e-encontrado-morto-com-sinais-de-violencia-em-rua-no-litoral-do-piaui\/","title":{"rendered":"Homem \u00e9 encontrado morto com sinais de viol\u00eancia em rua no litoral do Piau\u00ed"},"content":{"rendered":"\n<p>Um homem identificado apenas como Raimundo foi encontrado morto, na manh\u00e3 desta sexta-feira (26), em uma rua localizada na regi\u00e3o central de\u00a0Parna\u00edba, no litoral do Piau\u00ed. A v\u00edtima apresentava sinais de viol\u00eancia no corpo.<\/p>\n\n\n\n<p>Conforme o 2\u00ba Batalh\u00e3o da Pol\u00edcia Militar do Piau\u00ed (2\u00ba BPM), a v\u00edtima foi encontrada por moradores da \u00e1rea, que acionaram o Servi\u00e7o de Atendimento M\u00f3vel (Samu).<\/p>\n\n\n\n<p>A equipe m\u00e9dica do Samu constatou a morte de Raimundo ainda no local.&nbsp;Ele apresentava ferimentos na regi\u00e3o da cabe\u00e7a e em outros pontos do corpo.<\/p>\n\n\n\n<p>Ainda segundo o 2\u00ba BPM, testemunhas relataram que o homem era natural da cidade de Esperantina e estava em\u00a0Parna\u00edba\u00a0h\u00e1 pouco tempo, trabalhando em um estabelecimento de reciclagem. Os moradores informaram ainda que ele morava na rua.<\/p>\n\n\n\n<p>O Departamento de Pol\u00edcia Cient\u00edfica (Depoc) e o Instituto de Medicina Legal (IML) foram acionados para o local. Ainda n\u00e3o foi poss\u00edvel confirmar as circunst\u00e2ncias e motiva\u00e7\u00f5es do homic\u00eddio.<\/p>\n\n\n\n<p>Nenhum suspeito foi preso ou identificado at\u00e9 o momento. A Pol\u00edcia Civil investiga o crime.<\/p>\n\n\n\n<p><strong>Fonte: G1 PI <\/strong><\/p>\n","protected":false},"excerpt":{"rendered":"<p>Um homem identificado apenas como Raimundo foi encontrado morto, na manh\u00e3 desta sexta-feira (26), em uma rua localizada na regi\u00e3o central de\u00a0Parna\u00edba, no litoral do Piau\u00ed. A v\u00edtima apresentava sinais de viol\u00eancia no corpo. Conforme o 2\u00ba Batalh\u00e3o da Pol\u00edcia Militar do Piau\u00ed (2\u00ba BPM), a v\u00edtima foi encontrada por moradores da \u00e1rea, que acionaram [&hellip;]<\/p>\n","protected":false},"author":4,"featured_media":64168,"comment_status":"open","ping_status":"open","sticky":false,"template":"","format":"standard","meta":{"beyondwords_generate_audio":"1","beyondwords_project_id":"","beyondwords_podcast_id":"","beyondwords_hash":"","beyondwords_error_message":"","beyondwords_disabled":"","publish_post_to_speechkit":"","speechkit_generate_audio":"","speechkit_project_id":"","speechkit_podcast_id":"","speechkit_hash":"","speechkit_error_message":"","speechkit_disabled":"","speechkit_access_key":"","speechkit_error":"","speechkit_info":"","speechkit_response":"","speechkit_retries":"","_speechkit_link":"","_speechkit_text":""},"categories":[51,78],"tags":[44,72,46,200,84,202,197,52,846,8444,439],"jetpack_featured_media_url":"https:\/\/pinews.com.br\/wp-content\/uploads\/2025\/05\/07.jpg","_links":{"self":[{"href":"https:\/\/pinews.com.br\/index.php\/wp-json\/wp\/v2\/posts\/64167"}],"collection":[{"href":"https:\/\/pinews.com.br\/index.php\/wp-json\/wp\/v2\/posts"}],"about":[{"href":"https:\/\/pinews.com.br\/index.php\/wp-json\/wp\/v2\/types\/post"}],"author":[{"embeddable":true,"href":"https:\/\/pinews.com.br\/index.php\/wp-json\/wp\/v2\/users\/4"}],"replies":[{"embeddable":true,"href":"https:\/\/pinews.com.br\/index.php\/wp-json\/wp\/v2\/comments?post=64167"}],"version-history":[{"count":1,"href":"https:\/\/pinews.com.br\/index.php\/wp-json\/wp\/v2\/posts\/64167\/revisions"}],"predecessor-version":[{"id":64169,"href":"https:\/\/pinews.com.br\/index.php\/wp-json\/wp\/v2\/posts\/64167\/revisions\/64169"}],"wp:featuredmedia":[{"embeddable":true,"href":"https:\/\/pinews.com.br\/index.php\/wp-json\/wp\/v2\/media\/64168"}],"wp:attachment":[{"href":"https:\/\/pinews.com.br\/index.php\/wp-json\/wp\/v2\/media?parent=64167"}],"wp:term":[{"taxonomy":"category","embeddable":true,"href":"https:\/\/pinews.com.br\/index.php\/wp-json\/wp\/v2\/categories?post=64167"},{"taxonomy":"post_tag","embeddable":true,"href":"https:\/\/pinews.com.br\/index.php\/wp-json\/wp\/v2\/tags?post=64167"}],"curies":[{"name":"wp","href":"https:\/\/api.w.org\/{rel}","templated":true}]}}