{"id":64181,"date":"2025-05-26T15:53:48","date_gmt":"2025-05-26T18:53:48","guid":{"rendered":"https:\/\/pinews.com.br\/?p=64181"},"modified":"2025-05-26T15:53:52","modified_gmt":"2025-05-26T18:53:52","slug":"idoso-e-preso-em-sao-paulo-por-matar-homem-com-21-perfuracoes-em-1995-no-piaui","status":"publish","type":"post","link":"https:\/\/pinews.com.br\/index.php\/2025\/05\/26\/idoso-e-preso-em-sao-paulo-por-matar-homem-com-21-perfuracoes-em-1995-no-piaui\/","title":{"rendered":"Idoso \u00e9 Preso em S\u00e3o Paulo por matar homem com 21 perfura\u00e7\u00f5es em 1995 no Piau\u00ed"},"content":{"rendered":"\n<p>Ap\u00f3s quase 30 anos, um homem de 64 anos acusado de matar Walter Santos Peixoto, em 1995, no Piau\u00ed, foi preso em Cotia (SP). A a\u00e7\u00e3o ocorreu ap\u00f3s compartilhamento de informa\u00e7\u00f5es entre a Delegacia de Pol\u00edcia de Corrente (PC\/PI) e o Grupo de Opera\u00e7\u00f5es Especiais (GOE) da PC\/SP.<\/p>\n\n\n\n<p>A policia divulgou somente as iniciais: J.R.C. Conforme a delegacia, a v\u00edtima foi atingida com 21 perfura\u00e7\u00f5es de arma branca no dia 10 de junho de 1995. Desde 2008, o acusado encontrava-se foragido da Justi\u00e7a.<\/p>\n\n\n\n<p>Em nota, a delegacia informou que recentemente, a equipe de investiga\u00e7\u00e3o localizou o paradeiro do acusado no estado de S\u00e3o Paulo e repassou as informa\u00e7\u00f5es ao GOE\/SP, que realizou dilig\u00eancias e conseguiu cumprir o mandado de pris\u00e3o. As autoridades frisaram:<\/p>\n\n\n\n<blockquote class=\"wp-block-quote\">\n<p><em>A exitosa a\u00e7\u00e3o conjunta demonstra a efic\u00e1cia do interc\u00e2mbio de informa\u00e7\u00f5es e da integra\u00e7\u00e3o entre for\u00e7as policiais de diferentes estados na localiza\u00e7\u00e3o e captura de criminosos que tentam escapar da Justi\u00e7a. A Pol\u00edcia Civil refor\u00e7a seu compromisso com a elucida\u00e7\u00e3o de crimes e a responsabiliza\u00e7\u00e3o de seus autores, independentemente do tempo decorrido desde o delito.<\/em><\/p>\n<\/blockquote>\n\n\n\n<p><strong>Fonte: Meio News <\/strong><\/p>\n","protected":false},"excerpt":{"rendered":"<p>Ap\u00f3s quase 30 anos, um homem de 64 anos acusado de matar Walter Santos Peixoto, em 1995, no Piau\u00ed, foi preso em Cotia (SP). A a\u00e7\u00e3o ocorreu ap\u00f3s compartilhamento de informa\u00e7\u00f5es entre a Delegacia de Pol\u00edcia de Corrente (PC\/PI) e o Grupo de Opera\u00e7\u00f5es Especiais (GOE) da PC\/SP. A policia divulgou somente as iniciais: J.R.C. [&hellip;]<\/p>\n","protected":false},"author":4,"featured_media":64182,"comment_status":"open","ping_status":"open","sticky":false,"template":"","format":"standard","meta":{"beyondwords_generate_audio":"1","beyondwords_project_id":"","beyondwords_podcast_id":"","beyondwords_hash":"","beyondwords_error_message":"","beyondwords_disabled":"","publish_post_to_speechkit":"","speechkit_generate_audio":"","speechkit_project_id":"","speechkit_podcast_id":"","speechkit_hash":"","speechkit_error_message":"","speechkit_disabled":"","speechkit_access_key":"","speechkit_error":"","speechkit_info":"","speechkit_response":"","speechkit_retries":"","_speechkit_link":"","_speechkit_text":""},"categories":[51,78],"tags":[12661,1043,72,46,84,64,85,742,250,52,59,79,362],"jetpack_featured_media_url":"https:\/\/pinews.com.br\/wp-content\/uploads\/2025\/05\/idoso-e-preso-em-sao-paulo-por-matar-homem-com-21-perfuracoes-em-1995-no-piaui-24de68ad-6d5a-4eeb-9471-c1e02836b79a.jpg.webp","_links":{"self":[{"href":"https:\/\/pinews.com.br\/index.php\/wp-json\/wp\/v2\/posts\/64181"}],"collection":[{"href":"https:\/\/pinews.com.br\/index.php\/wp-json\/wp\/v2\/posts"}],"about":[{"href":"https:\/\/pinews.com.br\/index.php\/wp-json\/wp\/v2\/types\/post"}],"author":[{"embeddable":true,"href":"https:\/\/pinews.com.br\/index.php\/wp-json\/wp\/v2\/users\/4"}],"replies":[{"embeddable":true,"href":"https:\/\/pinews.com.br\/index.php\/wp-json\/wp\/v2\/comments?post=64181"}],"version-history":[{"count":1,"href":"https:\/\/pinews.com.br\/index.php\/wp-json\/wp\/v2\/posts\/64181\/revisions"}],"predecessor-version":[{"id":64183,"href":"https:\/\/pinews.com.br\/index.php\/wp-json\/wp\/v2\/posts\/64181\/revisions\/64183"}],"wp:featuredmedia":[{"embeddable":true,"href":"https:\/\/pinews.com.br\/index.php\/wp-json\/wp\/v2\/media\/64182"}],"wp:attachment":[{"href":"https:\/\/pinews.com.br\/index.php\/wp-json\/wp\/v2\/media?parent=64181"}],"wp:term":[{"taxonomy":"category","embeddable":true,"href":"https:\/\/pinews.com.br\/index.php\/wp-json\/wp\/v2\/categories?post=64181"},{"taxonomy":"post_tag","embeddable":true,"href":"https:\/\/pinews.com.br\/index.php\/wp-json\/wp\/v2\/tags?post=64181"}],"curies":[{"name":"wp","href":"https:\/\/api.w.org\/{rel}","templated":true}]}}