{"id":64197,"date":"2025-05-27T12:32:50","date_gmt":"2025-05-27T15:32:50","guid":{"rendered":"https:\/\/pinews.com.br\/?p=64197"},"modified":"2025-05-27T12:32:53","modified_gmt":"2025-05-27T15:32:53","slug":"conheca-os-sintomas-da-labirintite-diagnostico-do-presidente-lula","status":"publish","type":"post","link":"https:\/\/pinews.com.br\/index.php\/2025\/05\/27\/conheca-os-sintomas-da-labirintite-diagnostico-do-presidente-lula\/","title":{"rendered":"Conhe\u00e7a os sintomas da labirintite, diagn\u00f3stico do presidente Lula"},"content":{"rendered":"\n<p>O presidente Lula se sentiu mal nesta segunda (26) e\u00a0foi levado ao hospital S\u00edrio Liban\u00eas, de Bras\u00edlia, para exames. De acordo com boletim divulgado pelo hospital, Lula teve &#8220;quadro de vertigem, com diagn\u00f3stico de labirintite. Realizou exames de imagem e de sangue no Hospital S\u00edrio Liban\u00eas, unidade Bras\u00edlia, todos dentro da normalidade&#8221;.<\/p>\n\n\n\n<p>A labirintite, tamb\u00e9m conhecida como neurite vestibular ou vestibulopatia perif\u00e9rica aguda, \u00e9 uma doen\u00e7a benigna caracterizada por inflama\u00e7\u00e3o do labirinto \u0096estrutura do ouvido interno respons\u00e1vel pelo equil\u00edbrio e audi\u00e7\u00e3o. Segundo registro da doen\u00e7a no Minist\u00e9rio da Sa\u00fade, o dist\u00farbio provoca vertigens intensas, frequentemente confundidas com tontura e pode ser desencadeado por infec\u00e7\u00f5es virais ou bacterianas.<\/p>\n\n\n\n<p>Fatores como diabetes, hipertens\u00e3o, estresse e uso excessivo de \u00e1lcool ou cafe\u00edna podem aumentar o risco, e especialistas alertam para a necessidade de diagn\u00f3stico precoce e correto.<br><br><strong>Riscos<\/strong><\/p>\n\n\n\n<p>A labirintite pode estar relacionada a doen\u00e7as do ouvido, mas tamb\u00e9m a condi\u00e7\u00f5es neurol\u00f3gicas e cardiovasculares, al\u00e9m do risco de quedas que gera, de acordo com comunicado do Hospital Universit\u00e1rio Onofre Lopes.<\/p>\n\n\n\n<p>Gerido pela Empresa Brasileira de Servi\u00e7os Hospitalares (Ebserh), o Huol \u00e9 coordenado por docentes da UFRN (Universidade Federal do Rio Grande do Norte) e participa da campanha anual sobre a doen\u00e7a.<\/p>\n\n\n\n<p>&#8220;Cerca de 20% a 25% das pessoas apresentam tontura, e ela pode estar associada ao labirinto, envolvendo diversos diagn\u00f3sticos como VPPB (doen\u00e7a dos cristais), Doen\u00e7a de M\u00e9ni\u00e8re, otosclerose, otites, entre outros&#8221;, afirma, em nota, a professora Lidiane Ferreira, do Departamento de Cirurgia da universidade<\/p>\n\n\n\n<p>A docente ressalta que os tombos e mal-estar gerados pela doen\u00e7a s\u00e3o perigosos para idosos e afetam o modo de vida de todos que sofrem com o problema.<\/p>\n\n\n\n<p>&#8220;Sabemos que pacientes com enxaqueca j\u00e1 sofrem com limita\u00e7\u00f5es por conta dos gatilhos. A tontura, muitas vezes, \u00e9 t\u00e3o incapacitante quanto a dor de cabe\u00e7a. A pessoa n\u00e3o consegue levantar da cama, caminhar ou frequentar ambientes sociais devido ao desequil\u00edbrio&#8221;, diz Ferreira.<\/p>\n\n\n\n<p><strong>Diferen\u00e7a entre vertigem e tontura<\/strong><\/p>\n\n\n\n<p>O principal sintoma da Labirintite \u00e9 a vertigem, descrita como a sensa\u00e7\u00e3o irreal de que o ambiente ou o pr\u00f3prio corpo est\u00e1 girando ou balan\u00e7ando.<\/p>\n\n\n\n<p>J\u00e1 a tontura \u00e9 associada a desequil\u00edbrio (sensa\u00e7\u00e3o de que se vai cair ou desmaiar) e mal-estar, com escurecimento ou emba\u00e7amento da vis\u00e3o.<\/p>\n\n\n\n<p>Ambos podem vir acompanhados de n\u00e1useas, v\u00f4mitos, sudorese, zumbido e perda auditiva tempor\u00e1ria, mas afetam sistemas diferentes do corpo.<\/p>\n\n\n\n<p>Enquanto a tontura pode estar ligada a v\u00e1rios diagn\u00f3sticos como um sintoma, como uma infec\u00e7\u00e3o g\u00e1strica, por exemplo, a vertigem reflete comprometimento do labirinto ou das conex\u00f5es cerebrais.<\/p>\n\n\n\n<p>A confus\u00e3o entre os termos pode levar a erros graves no tratamento, levando ao uso de medica\u00e7\u00e3o incorreta com efeitos colaterais cruzados.<\/p>\n\n\n\n<p>De acordo com Ambulat\u00f3rio de Dist\u00farbios Vestibulares e do Equil\u00edbrio do Hospital Regional de Mato Grosso do Sul, segundo do pa\u00eds a ter um esse tipo de atendimento especializado pelo SUS (Sistema \u00danico de Sa\u00fade), a labirintite \u00e9 mais rara.<\/p>\n\n\n\n<p>Apenas 0,5% dos casos com os sintomas t\u00eam esse diagn\u00f3stico e a doen\u00e7a tamb\u00e9m n\u00e3o causa crises recorrentes.<\/p>\n\n\n\n<p><strong>Causa e diagn\u00f3stico<\/strong><\/p>\n\n\n\n<p>A causa mais aceita para a labirintite \u00e9 a inflama\u00e7\u00e3o do nervo vestibular ou do labirinto ap\u00f3s infec\u00e7\u00f5es virais, como herpes z\u00f3ster ou viroses respirat\u00f3rias. O diagn\u00f3stico \u00e9 cl\u00ednico, baseado em hist\u00f3rico m\u00e9dico, exame f\u00edsico e avalia\u00e7\u00e3o de sintomas como nistagmo (movimentos oculares involunt\u00e1rios).<\/p>\n\n\n\n<p>Em casos suspeitos de AVC (acidente vascular cerebral), exames de imagem, como resson\u00e2ncia magn\u00e9tica, s\u00e3o imprescind\u00edveis.<\/p>\n\n\n\n<p><strong>Tratamento e preven\u00e7\u00e3o<\/strong><\/p>\n\n\n\n<p>O tratamento inclui corticoides para reduzir a inflama\u00e7\u00e3o, medicamentos para n\u00e1useas e reabilita\u00e7\u00e3o vestibular (fisioterapia especializada). A preven\u00e7\u00e3o envolve controle de fatores de risco: evitar \u00e1lcool e tabaco, manter hidrata\u00e7\u00e3o adequada, dieta equilibrada e gerenciar estresse. Pacientes devem evitar dirigir ou subir em lugares altos durante crises.<\/p>\n\n\n\n<p><strong>Sintomas urgentes<\/strong><\/p>\n\n\n\n<p>Sinais como incapacidade de ficar em p\u00e9, dor de cabe\u00e7a intensa, vis\u00e3o dupla ou altera\u00e7\u00e3o de consci\u00eancia exigem atendimento imediato. Idosos com hipertens\u00e3o, diabetes ou colesterol alto t\u00eam maior risco de AVC, que pode se manifestar como vertigem.<\/p>\n\n\n\n<p><strong>Fonte: Folhapress\/Danielle Castro<\/strong><\/p>\n","protected":false},"excerpt":{"rendered":"<p>O presidente Lula se sentiu mal nesta segunda (26) e\u00a0foi levado ao hospital S\u00edrio Liban\u00eas, de Bras\u00edlia, para exames. De acordo com boletim divulgado pelo hospital, Lula teve &#8220;quadro de vertigem, com diagn\u00f3stico de labirintite. Realizou exames de imagem e de sangue no Hospital S\u00edrio Liban\u00eas, unidade Bras\u00edlia, todos dentro da normalidade&#8221;. A labirintite, tamb\u00e9m [&hellip;]<\/p>\n","protected":false},"author":4,"featured_media":64198,"comment_status":"open","ping_status":"open","sticky":false,"template":"","format":"standard","meta":{"beyondwords_generate_audio":"1","beyondwords_project_id":"","beyondwords_podcast_id":"","beyondwords_hash":"","beyondwords_error_message":"","beyondwords_disabled":"","publish_post_to_speechkit":"","speechkit_generate_audio":"","speechkit_project_id":"","speechkit_podcast_id":"","speechkit_hash":"","speechkit_error_message":"","speechkit_disabled":"","speechkit_access_key":"","speechkit_error":"","speechkit_info":"","speechkit_response":"","speechkit_retries":"","_speechkit_link":"","_speechkit_text":""},"categories":[134],"tags":[5579,122,7990,12663,346,974,1006,8596],"jetpack_featured_media_url":"https:\/\/pinews.com.br\/wp-content\/uploads\/2025\/05\/e03b766c1978ace0cb5ec2a003ef27d1.jpg","_links":{"self":[{"href":"https:\/\/pinews.com.br\/index.php\/wp-json\/wp\/v2\/posts\/64197"}],"collection":[{"href":"https:\/\/pinews.com.br\/index.php\/wp-json\/wp\/v2\/posts"}],"about":[{"href":"https:\/\/pinews.com.br\/index.php\/wp-json\/wp\/v2\/types\/post"}],"author":[{"embeddable":true,"href":"https:\/\/pinews.com.br\/index.php\/wp-json\/wp\/v2\/users\/4"}],"replies":[{"embeddable":true,"href":"https:\/\/pinews.com.br\/index.php\/wp-json\/wp\/v2\/comments?post=64197"}],"version-history":[{"count":1,"href":"https:\/\/pinews.com.br\/index.php\/wp-json\/wp\/v2\/posts\/64197\/revisions"}],"predecessor-version":[{"id":64199,"href":"https:\/\/pinews.com.br\/index.php\/wp-json\/wp\/v2\/posts\/64197\/revisions\/64199"}],"wp:featuredmedia":[{"embeddable":true,"href":"https:\/\/pinews.com.br\/index.php\/wp-json\/wp\/v2\/media\/64198"}],"wp:attachment":[{"href":"https:\/\/pinews.com.br\/index.php\/wp-json\/wp\/v2\/media?parent=64197"}],"wp:term":[{"taxonomy":"category","embeddable":true,"href":"https:\/\/pinews.com.br\/index.php\/wp-json\/wp\/v2\/categories?post=64197"},{"taxonomy":"post_tag","embeddable":true,"href":"https:\/\/pinews.com.br\/index.php\/wp-json\/wp\/v2\/tags?post=64197"}],"curies":[{"name":"wp","href":"https:\/\/api.w.org\/{rel}","templated":true}]}}