{"id":64245,"date":"2025-05-29T12:17:53","date_gmt":"2025-05-29T15:17:53","guid":{"rendered":"https:\/\/pinews.com.br\/?p=64245"},"modified":"2025-05-29T12:17:55","modified_gmt":"2025-05-29T15:17:55","slug":"homem-e-preso-por-matar-esposa-com-caldo-de-cana-envenenado","status":"publish","type":"post","link":"https:\/\/pinews.com.br\/index.php\/2025\/05\/29\/homem-e-preso-por-matar-esposa-com-caldo-de-cana-envenenado\/","title":{"rendered":"Homem \u00e9 preso por matar esposa com caldo de cana envenenado"},"content":{"rendered":"\n<p>Um homem de 43 anos foi preso nesta ter\u00e7a-feira (27) ap\u00f3s envenenar e matar a companheira, Zenilda Fernandes da Silva, de 46 anos, no munic\u00edpio de Domingos Martins, na Regi\u00e3o Serrana do Esp\u00edrito Santo. A mulher passou mal ap\u00f3s consumir um lanche e um caldo de cana entregue pelo suspeito, e morreu no hospital.<\/p>\n\n\n\n<p>Segundo o delegado Luciano Carlos Paulino, respons\u00e1vel pelo caso, a\u00a0filha da v\u00edtima encontrou um p\u00f3 branco no fundo da garrafa do caldo de cana e acionou a pol\u00edcia.\u00a0A per\u00edcia confirmou a presen\u00e7a de veneno na bebida e identificou um pequeno furo na embalagem, indicando o local por onde a subst\u00e2ncia foi injetada. O laudo m\u00e9dico confirmou envenenamento como a causa da morte.<\/p>\n\n\n\n<p>Nas investiga\u00e7\u00f5es, a Pol\u00edcia Civil localizou imagens de c\u00e2meras de seguran\u00e7a que mostram o suspeito comprando o caldo de cana e entregando o produto na casa da v\u00edtima. Com os ind\u00edcios reunidos, a Justi\u00e7a decretou a pris\u00e3o preventiva do homem, que foi detido em sua resid\u00eancia.<\/p>\n\n\n\n<p><strong>Fonte: SBT News <\/strong><\/p>\n","protected":false},"excerpt":{"rendered":"<p>Um homem de 43 anos foi preso nesta ter\u00e7a-feira (27) ap\u00f3s envenenar e matar a companheira, Zenilda Fernandes da Silva, de 46 anos, no munic\u00edpio de Domingos Martins, na Regi\u00e3o Serrana do Esp\u00edrito Santo. A mulher passou mal ap\u00f3s consumir um lanche e um caldo de cana entregue pelo suspeito, e morreu no hospital. Segundo [&hellip;]<\/p>\n","protected":false},"author":1,"featured_media":64246,"comment_status":"open","ping_status":"open","sticky":false,"template":"","format":"standard","meta":{"beyondwords_generate_audio":"1","beyondwords_project_id":"","beyondwords_podcast_id":"","beyondwords_hash":"","beyondwords_error_message":"","beyondwords_disabled":"","publish_post_to_speechkit":"","speechkit_generate_audio":"","speechkit_project_id":"","speechkit_podcast_id":"","speechkit_hash":"","speechkit_error_message":"","speechkit_disabled":"","speechkit_access_key":"","speechkit_error":"","speechkit_info":"","speechkit_response":"","speechkit_retries":"","_speechkit_link":"","_speechkit_text":""},"categories":[134,78],"tags":[12670,12671,44,72,9782,388,84,85,59,79],"jetpack_featured_media_url":"https:\/\/pinews.com.br\/wp-content\/uploads\/2025\/05\/images-7.jpeg","_links":{"self":[{"href":"https:\/\/pinews.com.br\/index.php\/wp-json\/wp\/v2\/posts\/64245"}],"collection":[{"href":"https:\/\/pinews.com.br\/index.php\/wp-json\/wp\/v2\/posts"}],"about":[{"href":"https:\/\/pinews.com.br\/index.php\/wp-json\/wp\/v2\/types\/post"}],"author":[{"embeddable":true,"href":"https:\/\/pinews.com.br\/index.php\/wp-json\/wp\/v2\/users\/1"}],"replies":[{"embeddable":true,"href":"https:\/\/pinews.com.br\/index.php\/wp-json\/wp\/v2\/comments?post=64245"}],"version-history":[{"count":1,"href":"https:\/\/pinews.com.br\/index.php\/wp-json\/wp\/v2\/posts\/64245\/revisions"}],"predecessor-version":[{"id":64247,"href":"https:\/\/pinews.com.br\/index.php\/wp-json\/wp\/v2\/posts\/64245\/revisions\/64247"}],"wp:featuredmedia":[{"embeddable":true,"href":"https:\/\/pinews.com.br\/index.php\/wp-json\/wp\/v2\/media\/64246"}],"wp:attachment":[{"href":"https:\/\/pinews.com.br\/index.php\/wp-json\/wp\/v2\/media?parent=64245"}],"wp:term":[{"taxonomy":"category","embeddable":true,"href":"https:\/\/pinews.com.br\/index.php\/wp-json\/wp\/v2\/categories?post=64245"},{"taxonomy":"post_tag","embeddable":true,"href":"https:\/\/pinews.com.br\/index.php\/wp-json\/wp\/v2\/tags?post=64245"}],"curies":[{"name":"wp","href":"https:\/\/api.w.org\/{rel}","templated":true}]}}