{"id":6434,"date":"2020-04-03T15:33:06","date_gmt":"2020-04-03T18:33:06","guid":{"rendered":"https:\/\/pinews.com.br\/?p=6434"},"modified":"2020-04-03T15:33:06","modified_gmt":"2020-04-03T18:33:06","slug":"em-sao-juliao-jovem-de-18-anos-e-pre-candidata-a-vereadora","status":"publish","type":"post","link":"https:\/\/pinews.com.br\/index.php\/2020\/04\/03\/em-sao-juliao-jovem-de-18-anos-e-pre-candidata-a-vereadora\/","title":{"rendered":"Em S\u00e3o Juli\u00e3o jovem de 18 anos \u00e9 pr\u00e9-candidata a vereadora"},"content":{"rendered":"\n<p>Foto: Reprodu\u00e7\u00e3o<\/p>\n\n\n\n<p style=\"text-align:justify\">Iarla Samantha de Sousa Carvalho, 18 anos, natural de S\u00e3o Juli\u00e3o-PI, \u00e9 filha da l\u00edder pol\u00edtica e ex-conselheira tutelar do munic\u00edpio, Iranilda Maria De Sousa, conhecida popularmente como \u201cNida\u201d, e de Valentim Francisco De Carvalho, vulgo \u201cSanto do Chico Marcos\u201d.<\/p>\n\n\n\n<figure class=\"wp-block-image\"><img decoding=\"async\" src=\"https:\/\/portalnpm.com.br\/wp-content\/uploads\/2020\/04\/InShot_20200403_124945457.jpg\" alt=\"\" class=\"wp-image-19081\" \/><figcaption>Foto: Reprodu\u00e7\u00e3o<\/figcaption><\/figure>\n\n\n\n<p style=\"text-align:justify\">Em conversa com o Portal NPM, a postulante declarou: \u201cJ\u00e1 que a pol\u00edtica n\u00e3o costuma ter jovens ocupando espa\u00e7os de poder, \u00e9 necess\u00e1rio que a juventude se fa\u00e7a presente, saindo no campo, nas ruas, ouvindo as demandas da popula\u00e7\u00e3o para que possamos lutar por um futuro melhor para todos, diante disso lan\u00e7o minha pr\u00e9-candidatura a&nbsp; vereadora pelo PT. Acreditando que n\u00f3s jovens somos capazes de fazer uma boa pol\u00edtica, diferente da que est\u00e1 a\u00ed\u201d pontuou.<\/p>\n\n\n\n<p style=\"text-align:justify\">Vale ressaltar que, o PT em S\u00e3o Juli\u00e3o&nbsp; tem como pr\u00e9-candidato a prefeito o jovem empres\u00e1rio Bruno Liberato, filho do ex-prefeito Jos\u00e9 Neci.<\/p>\n\n\n\n<p><b>Fonte: Portal NPM<\/b><\/p>\n","protected":false},"excerpt":{"rendered":"<p>Foto: Reprodu\u00e7\u00e3o Iarla Samantha de Sousa Carvalho, 18 anos, natural de S\u00e3o Juli\u00e3o-PI, \u00e9 filha da l\u00edder pol\u00edtica e ex-conselheira tutelar do munic\u00edpio, Iranilda Maria De Sousa, conhecida popularmente como \u201cNida\u201d, e de Valentim Francisco De Carvalho, vulgo \u201cSanto do Chico Marcos\u201d. Em conversa com o Portal NPM, a postulante declarou: \u201cJ\u00e1 que a pol\u00edtica [&hellip;]<\/p>\n","protected":false},"author":1,"featured_media":6435,"comment_status":"open","ping_status":"open","sticky":false,"template":"","format":"standard","meta":{"beyondwords_generate_audio":"","beyondwords_project_id":"","beyondwords_podcast_id":"","beyondwords_hash":"","beyondwords_error_message":"","beyondwords_disabled":"","publish_post_to_speechkit":"","speechkit_generate_audio":"","speechkit_project_id":"","speechkit_podcast_id":"","speechkit_hash":"","speechkit_error_message":"","speechkit_disabled":"","speechkit_access_key":"","speechkit_error":"","speechkit_info":"","speechkit_response":"","speechkit_retries":"","_speechkit_link":"","_speechkit_text":""},"categories":[124,51,1201,500],"tags":[266,1219,2010],"jetpack_featured_media_url":"","_links":{"self":[{"href":"https:\/\/pinews.com.br\/index.php\/wp-json\/wp\/v2\/posts\/6434"}],"collection":[{"href":"https:\/\/pinews.com.br\/index.php\/wp-json\/wp\/v2\/posts"}],"about":[{"href":"https:\/\/pinews.com.br\/index.php\/wp-json\/wp\/v2\/types\/post"}],"author":[{"embeddable":true,"href":"https:\/\/pinews.com.br\/index.php\/wp-json\/wp\/v2\/users\/1"}],"replies":[{"embeddable":true,"href":"https:\/\/pinews.com.br\/index.php\/wp-json\/wp\/v2\/comments?post=6434"}],"version-history":[{"count":0,"href":"https:\/\/pinews.com.br\/index.php\/wp-json\/wp\/v2\/posts\/6434\/revisions"}],"wp:featuredmedia":[{"embeddable":true,"href":"https:\/\/pinews.com.br\/index.php\/wp-json\/"}],"wp:attachment":[{"href":"https:\/\/pinews.com.br\/index.php\/wp-json\/wp\/v2\/media?parent=6434"}],"wp:term":[{"taxonomy":"category","embeddable":true,"href":"https:\/\/pinews.com.br\/index.php\/wp-json\/wp\/v2\/categories?post=6434"},{"taxonomy":"post_tag","embeddable":true,"href":"https:\/\/pinews.com.br\/index.php\/wp-json\/wp\/v2\/tags?post=6434"}],"curies":[{"name":"wp","href":"https:\/\/api.w.org\/{rel}","templated":true}]}}