{"id":64341,"date":"2025-06-03T12:12:48","date_gmt":"2025-06-03T15:12:48","guid":{"rendered":"https:\/\/pinews.com.br\/?p=64341"},"modified":"2025-06-03T12:12:51","modified_gmt":"2025-06-03T15:12:51","slug":"mulher-e-presa-suspeita-de-matar-comerciante-a-facadas-apos-discussao-em-mercado-publico-no-piaui","status":"publish","type":"post","link":"https:\/\/pinews.com.br\/index.php\/2025\/06\/03\/mulher-e-presa-suspeita-de-matar-comerciante-a-facadas-apos-discussao-em-mercado-publico-no-piaui\/","title":{"rendered":"Mulher \u00e9 presa suspeita de matar comerciante a facadas ap\u00f3s discuss\u00e3o em mercado p\u00fablico no Piau\u00ed"},"content":{"rendered":"\n<p>V\u00edtima Eurinete Alves<\/p>\n\n\n\n<p>A Pol\u00edcia Civil do Piau\u00ed prendeu, nesta segunda-feira (2), uma mulher de 49 anos suspeita de assassinar a facadas a comerciante Eurinete Alves do Nascimento, de 35 anos, no mercado p\u00fablico do munic\u00edpio de Oeiras, localizado no Sul do estado. O crime aconteceu no dia 15 de abril deste ano, e a v\u00edtima faleceu dez dias depois, em decorr\u00eancia dos ferimentos.<\/p>\n\n\n\n<p>Segundo as investiga\u00e7\u00f5es, as duas mulheres estavam consumindo bebida alco\u00f3lica quando iniciaram uma discuss\u00e3o relacionada ao fornecimento de bebidas para o bar da suspeita. A briga evoluiu para agress\u00f5es f\u00edsicas, momento em que Eurinete foi atingida com um golpe de punhal no abd\u00f4men. A autora tamb\u00e9m sofreu ferimentos no bra\u00e7o esquerdo.<\/p>\n\n\n\n<p>A v\u00edtima foi socorrida e internada em estado grave no Hospital Regional Deolindo Couto, em Oeiras, mas n\u00e3o resistiu e faleceu no dia 25 de abril.<\/p>\n\n\n\n<p>O mandado de pris\u00e3o preventiva contra a suspeita foi cumprido na zona rural do munic\u00edpio de S\u00e3o Jo\u00e3o da Varjota. A mulher agora permanece \u00e0 disposi\u00e7\u00e3o da Justi\u00e7a.<\/p>\n\n\n\n<p><strong>Fonte: Rebeca Lima\/ Cidade Verde <\/strong><\/p>\n","protected":false},"excerpt":{"rendered":"<p>V\u00edtima Eurinete Alves A Pol\u00edcia Civil do Piau\u00ed prendeu, nesta segunda-feira (2), uma mulher de 49 anos suspeita de assassinar a facadas a comerciante Eurinete Alves do Nascimento, de 35 anos, no mercado p\u00fablico do munic\u00edpio de Oeiras, localizado no Sul do estado. O crime aconteceu no dia 15 de abril deste ano, e a [&hellip;]<\/p>\n","protected":false},"author":4,"featured_media":64342,"comment_status":"open","ping_status":"open","sticky":false,"template":"","format":"standard","meta":{"beyondwords_generate_audio":"1","beyondwords_project_id":"","beyondwords_podcast_id":"","beyondwords_hash":"","beyondwords_error_message":"","beyondwords_disabled":"","publish_post_to_speechkit":"","speechkit_generate_audio":"","speechkit_project_id":"","speechkit_podcast_id":"","speechkit_hash":"","speechkit_error_message":"","speechkit_disabled":"","speechkit_access_key":"","speechkit_error":"","speechkit_info":"","speechkit_response":"","speechkit_retries":"","_speechkit_link":"","_speechkit_text":""},"categories":[51,78],"tags":[70,205,44,831,72,46,479,85,2482,135,52,314,6034,473],"jetpack_featured_media_url":"https:\/\/pinews.com.br\/wp-content\/uploads\/2025\/06\/eurinete_edit.jpg","_links":{"self":[{"href":"https:\/\/pinews.com.br\/index.php\/wp-json\/wp\/v2\/posts\/64341"}],"collection":[{"href":"https:\/\/pinews.com.br\/index.php\/wp-json\/wp\/v2\/posts"}],"about":[{"href":"https:\/\/pinews.com.br\/index.php\/wp-json\/wp\/v2\/types\/post"}],"author":[{"embeddable":true,"href":"https:\/\/pinews.com.br\/index.php\/wp-json\/wp\/v2\/users\/4"}],"replies":[{"embeddable":true,"href":"https:\/\/pinews.com.br\/index.php\/wp-json\/wp\/v2\/comments?post=64341"}],"version-history":[{"count":1,"href":"https:\/\/pinews.com.br\/index.php\/wp-json\/wp\/v2\/posts\/64341\/revisions"}],"predecessor-version":[{"id":64343,"href":"https:\/\/pinews.com.br\/index.php\/wp-json\/wp\/v2\/posts\/64341\/revisions\/64343"}],"wp:featuredmedia":[{"embeddable":true,"href":"https:\/\/pinews.com.br\/index.php\/wp-json\/wp\/v2\/media\/64342"}],"wp:attachment":[{"href":"https:\/\/pinews.com.br\/index.php\/wp-json\/wp\/v2\/media?parent=64341"}],"wp:term":[{"taxonomy":"category","embeddable":true,"href":"https:\/\/pinews.com.br\/index.php\/wp-json\/wp\/v2\/categories?post=64341"},{"taxonomy":"post_tag","embeddable":true,"href":"https:\/\/pinews.com.br\/index.php\/wp-json\/wp\/v2\/tags?post=64341"}],"curies":[{"name":"wp","href":"https:\/\/api.w.org\/{rel}","templated":true}]}}