{"id":64371,"date":"2025-06-05T17:44:18","date_gmt":"2025-06-05T20:44:18","guid":{"rendered":"https:\/\/pinews.com.br\/?p=64371"},"modified":"2025-06-05T17:44:22","modified_gmt":"2025-06-05T20:44:22","slug":"caminhao-carregado-de-oleo-vegetal-pega-fogo-na-br-135-no-piaui-ninguem-ficou-ferido","status":"publish","type":"post","link":"https:\/\/pinews.com.br\/index.php\/2025\/06\/05\/caminhao-carregado-de-oleo-vegetal-pega-fogo-na-br-135-no-piaui-ninguem-ficou-ferido\/","title":{"rendered":"Caminh\u00e3o carregado de \u00f3leo vegetal pega fogo na BR-135, no Piau\u00ed; ningu\u00e9m ficou ferido"},"content":{"rendered":"\n<p>Um caminh\u00e3o carregado de \u00f3leo vegetal pegou fogo na madrugada desta quinta-feira (5) na BR-135, no trecho entre os munic\u00edpios de Corrente e Gilbu\u00e9s. O incidente aconteceu por volta das 5h20.<\/p>\n\n\n\n<p>De acordo com o relato do motorista, ele trafegava normalmente quando ouviu um barulho vindo da parte traseira do ve\u00edculo. Ao parar no acostamento para averiguar, constatou que os semirreboques estavam em chamas.<\/p>\n\n\n\n<p>Com o aux\u00edlio de outro motorista que passava pelo local, o condutor conseguiu desatrelar o cavalo mec\u00e2nico e afastar o restante do caminh\u00e3o da \u00e1rea do inc\u00eandio.<\/p>\n\n\n\n<p>Um caminh\u00e3o-pipa chegou por volta das 6h30 e ajudou a apagar o fogo, al\u00e9m de resfriar a carreta dianteira, que ainda continha carga.<\/p>\n\n\n\n<p>Segundo a PRF, o fogo n\u00e3o atingiu a carga, que\u00a0permanece intacta nos tanques, e tamb\u00e9m n\u00e3o houve derramamento de \u00f3leo na via. Ningu\u00e9m ficou ferido, e n\u00e3o houve envolvimento de outros ve\u00edculos. As causas do inc\u00eandio ainda ser\u00e3o apuradas.<\/p>\n\n\n\n<p><strong>Fonte: Izabella Lima\/ Cidade Verde <\/strong><\/p>\n","protected":false},"excerpt":{"rendered":"<p>Um caminh\u00e3o carregado de \u00f3leo vegetal pegou fogo na madrugada desta quinta-feira (5) na BR-135, no trecho entre os munic\u00edpios de Corrente e Gilbu\u00e9s. O incidente aconteceu por volta das 5h20. De acordo com o relato do motorista, ele trafegava normalmente quando ouviu um barulho vindo da parte traseira do ve\u00edculo. Ao parar no acostamento [&hellip;]<\/p>\n","protected":false},"author":4,"featured_media":64372,"comment_status":"open","ping_status":"open","sticky":false,"template":"","format":"standard","meta":{"beyondwords_generate_audio":"1","beyondwords_project_id":"","beyondwords_podcast_id":"","beyondwords_hash":"","beyondwords_error_message":"","beyondwords_disabled":"","publish_post_to_speechkit":"","speechkit_generate_audio":"","speechkit_project_id":"","speechkit_podcast_id":"","speechkit_hash":"","speechkit_error_message":"","speechkit_disabled":"","speechkit_access_key":"","speechkit_error":"","speechkit_info":"","speechkit_response":"","speechkit_retries":"","_speechkit_link":"","_speechkit_text":""},"categories":[51],"tags":[224,188,864,44,295,6979,1675,91,7299,1660,5340,52,10852],"jetpack_featured_media_url":"https:\/\/pinews.com.br\/wp-content\/uploads\/2025\/06\/IMG_20250605_174222.jpg","_links":{"self":[{"href":"https:\/\/pinews.com.br\/index.php\/wp-json\/wp\/v2\/posts\/64371"}],"collection":[{"href":"https:\/\/pinews.com.br\/index.php\/wp-json\/wp\/v2\/posts"}],"about":[{"href":"https:\/\/pinews.com.br\/index.php\/wp-json\/wp\/v2\/types\/post"}],"author":[{"embeddable":true,"href":"https:\/\/pinews.com.br\/index.php\/wp-json\/wp\/v2\/users\/4"}],"replies":[{"embeddable":true,"href":"https:\/\/pinews.com.br\/index.php\/wp-json\/wp\/v2\/comments?post=64371"}],"version-history":[{"count":1,"href":"https:\/\/pinews.com.br\/index.php\/wp-json\/wp\/v2\/posts\/64371\/revisions"}],"predecessor-version":[{"id":64373,"href":"https:\/\/pinews.com.br\/index.php\/wp-json\/wp\/v2\/posts\/64371\/revisions\/64373"}],"wp:featuredmedia":[{"embeddable":true,"href":"https:\/\/pinews.com.br\/index.php\/wp-json\/wp\/v2\/media\/64372"}],"wp:attachment":[{"href":"https:\/\/pinews.com.br\/index.php\/wp-json\/wp\/v2\/media?parent=64371"}],"wp:term":[{"taxonomy":"category","embeddable":true,"href":"https:\/\/pinews.com.br\/index.php\/wp-json\/wp\/v2\/categories?post=64371"},{"taxonomy":"post_tag","embeddable":true,"href":"https:\/\/pinews.com.br\/index.php\/wp-json\/wp\/v2\/tags?post=64371"}],"curies":[{"name":"wp","href":"https:\/\/api.w.org\/{rel}","templated":true}]}}