{"id":64415,"date":"2025-06-09T12:54:21","date_gmt":"2025-06-09T15:54:21","guid":{"rendered":"https:\/\/pinews.com.br\/?p=64415"},"modified":"2025-06-09T12:54:24","modified_gmt":"2025-06-09T15:54:24","slug":"homem-e-assassinado-a-facadas-em-via-publica-no-interior-do-piaui-policia-investiga-motivacao","status":"publish","type":"post","link":"https:\/\/pinews.com.br\/index.php\/2025\/06\/09\/homem-e-assassinado-a-facadas-em-via-publica-no-interior-do-piaui-policia-investiga-motivacao\/","title":{"rendered":"Homem \u00e9 assassinado a facadas em via p\u00fablica no interior do Piau\u00ed; pol\u00edcia investiga motiva\u00e7\u00e3o"},"content":{"rendered":"\n<p>Um homem foi brutalmente assassinado a facadas em uma via p\u00fablica na cidade de Batalha, localizada no norte do Piau\u00ed.<\/p>\n\n\n\n<p>A v\u00edtima, identificada pelas iniciais A.J.C.S.O, era conhecida como Adailton ou, popularmente, Dad\u00e1. Ele tinha 40 anos e era natural da cidade vizinha de Esperantina. O caso ocorreu no domingo (08).<br><\/p>\n\n\n\n<p>O corpo foi encontrado ca\u00eddo na Rua Euclides Carvalho, localizada no bairro Esperan\u00e7a I. Moradores acionaram a Pol\u00edcia Militar ap\u00f3s se depararem com a cena. A Pol\u00edcia Civil tamb\u00e9m esteve no local para os primeiros levantamentos. O Instituto M\u00e9dico Legal (IML) foi chamado para realizar a remo\u00e7\u00e3o do corpo.<\/p>\n\n\n\n<p>A Delegacia de Pol\u00edcia Civil de Batalha est\u00e1 conduzindo a investiga\u00e7\u00e3o sobre o caso. Nos pr\u00f3ximos dias, testemunhas devem ser ouvidas para esclarecer o crime.<\/p>\n\n\n\n<p>De acordo com informa\u00e7\u00f5es da Pol\u00edcia Militar, a v\u00edtima possu\u00eda um hist\u00f3rico criminal envolvendo diversos delitos, como roubos e furtos.\u00a0Ele tamb\u00e9m j\u00e1 havia sido detido por porte de entorpecentes e se identificava como usu\u00e1rio.\u00a0Dad\u00e1 teria deixado o Sistema Prisional no ano passado.<br><br>At\u00e9 o momento, n\u00e3o h\u00e1 qualquer informa\u00e7\u00e3o sobre os respons\u00e1veis pelo crime. A Delegacia de Pol\u00edcia Civil de Batalha seguir\u00e1 com as investiga\u00e7\u00f5es para identificar os autores.<\/p>\n\n\n\n<p><strong>Fonte: Portal A10+<\/strong><\/p>\n","protected":false},"excerpt":{"rendered":"<p>Um homem foi brutalmente assassinado a facadas em uma via p\u00fablica na cidade de Batalha, localizada no norte do Piau\u00ed. A v\u00edtima, identificada pelas iniciais A.J.C.S.O, era conhecida como Adailton ou, popularmente, Dad\u00e1. Ele tinha 40 anos e era natural da cidade vizinha de Esperantina. O caso ocorreu no domingo (08). O corpo foi encontrado [&hellip;]<\/p>\n","protected":false},"author":4,"featured_media":64416,"comment_status":"open","ping_status":"open","sticky":false,"template":"","format":"standard","meta":{"beyondwords_generate_audio":"1","beyondwords_project_id":"","beyondwords_podcast_id":"","beyondwords_hash":"","beyondwords_error_message":"","beyondwords_disabled":"","publish_post_to_speechkit":"","speechkit_generate_audio":"","speechkit_project_id":"","speechkit_podcast_id":"","speechkit_hash":"","speechkit_error_message":"","speechkit_disabled":"","speechkit_access_key":"","speechkit_error":"","speechkit_info":"","speechkit_response":"","speechkit_retries":"","_speechkit_link":"","_speechkit_text":""},"categories":[51,78],"tags":[364,72,46,479,84,716,821,12682,52,466,128],"jetpack_featured_media_url":"https:\/\/pinews.com.br\/wp-content\/uploads\/2025\/06\/whatsapp-image-2025-06-09-at-07-13-45-1749464082.jpg","_links":{"self":[{"href":"https:\/\/pinews.com.br\/index.php\/wp-json\/wp\/v2\/posts\/64415"}],"collection":[{"href":"https:\/\/pinews.com.br\/index.php\/wp-json\/wp\/v2\/posts"}],"about":[{"href":"https:\/\/pinews.com.br\/index.php\/wp-json\/wp\/v2\/types\/post"}],"author":[{"embeddable":true,"href":"https:\/\/pinews.com.br\/index.php\/wp-json\/wp\/v2\/users\/4"}],"replies":[{"embeddable":true,"href":"https:\/\/pinews.com.br\/index.php\/wp-json\/wp\/v2\/comments?post=64415"}],"version-history":[{"count":1,"href":"https:\/\/pinews.com.br\/index.php\/wp-json\/wp\/v2\/posts\/64415\/revisions"}],"predecessor-version":[{"id":64417,"href":"https:\/\/pinews.com.br\/index.php\/wp-json\/wp\/v2\/posts\/64415\/revisions\/64417"}],"wp:featuredmedia":[{"embeddable":true,"href":"https:\/\/pinews.com.br\/index.php\/wp-json\/wp\/v2\/media\/64416"}],"wp:attachment":[{"href":"https:\/\/pinews.com.br\/index.php\/wp-json\/wp\/v2\/media?parent=64415"}],"wp:term":[{"taxonomy":"category","embeddable":true,"href":"https:\/\/pinews.com.br\/index.php\/wp-json\/wp\/v2\/categories?post=64415"},{"taxonomy":"post_tag","embeddable":true,"href":"https:\/\/pinews.com.br\/index.php\/wp-json\/wp\/v2\/tags?post=64415"}],"curies":[{"name":"wp","href":"https:\/\/api.w.org\/{rel}","templated":true}]}}