{"id":64585,"date":"2025-06-26T19:21:47","date_gmt":"2025-06-26T22:21:47","guid":{"rendered":"https:\/\/pinews.com.br\/?p=64585"},"modified":"2025-06-26T19:21:51","modified_gmt":"2025-06-26T22:21:51","slug":"pai-e-filho-sao-presos-com-mais-de-1-mil-litros-de-combustivel-desviado-do-terminal-de-petroleo-no-piaui","status":"publish","type":"post","link":"https:\/\/pinews.com.br\/index.php\/2025\/06\/26\/pai-e-filho-sao-presos-com-mais-de-1-mil-litros-de-combustivel-desviado-do-terminal-de-petroleo-no-piaui\/","title":{"rendered":"Pai e filho s\u00e3o presos com mais de 1 mil litros de combust\u00edvel desviado do Terminal de Petr\u00f3leo no Piau\u00ed"},"content":{"rendered":"\n<p>Pai e filho foram presos nesta quinta-feira (26)\u00a0suspeitos de desviarem combust\u00edvel do Terminal de Petr\u00f3leo de Teresina, na Zona Sudeste da capital. A Pol\u00edcia Civil deu cumprimento tamb\u00e9m a um mando de busca e apreens\u00e3o no bairro S\u00e3o Jo\u00e3o, resultando na\u00a0recupera\u00e7\u00e3o de 1100 litros combust\u00edvel distribu\u00eddos em 55 gal\u00f5es.<\/p>\n\n\n\n<p>Segundo o delegado Thales Gomes, diretor de Opera\u00e7\u00f5es Especiais da Pol\u00edcia Civil, o filho, de 18 anos, foi preso em flagrante quando fazia o\u00a0transporte de 400 litros de gasolina. J\u00e1 o pai foi preso na\u00a0resid\u00eancia alvo do mandado com mais 700 litros de \u00f3leo diesel.<\/p>\n\n\n\n<p>Conforme as investiga\u00e7\u00e3o, a dupla furtava o combust\u00edvel de caminh\u00f5es j\u00e1 abastecidos dentro do terminal, e substitu\u00eda por \u00e1gua no ve\u00edculo.<\/p>\n\n\n\n<blockquote class=\"wp-block-quote\">\n<p>&#8220;Ap\u00f3s o caminh\u00e3o ser abastecido no terminal, eles tiravam uma quantidade de combust\u00edvel com uma mangueira adaptada pra conectar no caminh\u00e3o e n\u00e3o desperdi\u00e7ar, e a quantidade retirada do ve\u00edculo era substitu\u00edda por \u00e1gua&#8221;, explicou o delegado Thales.<\/p>\n<\/blockquote>\n\n\n\n<p>Ainda segundo o delegado, o pr\u00f3ximo passo dessa a\u00e7\u00e3o \u00e9&nbsp;investigar a venda desse combust\u00edvel adulterado nos caminh\u00f5es, que v\u00e3o para o interior do Piau\u00ed.<\/p>\n\n\n\n<p>Os suspeitos, de acordo com a PC, vendiam o combust\u00edvel furtado no Norte do estado. Eles foram autuados pelo\u00a0crime conta a economia popular\u00a0e\u00a0crime ambiental.<\/p>\n\n\n\n<figure class=\"wp-block-image\"><img decoding=\"async\" src=\"https:\/\/s2-g1.glbimg.com\/3eP9GLqwCFieIOX20sZs6tgmpNM=\/0x0:1600x900\/984x0\/smart\/filters:strip_icc()\/i.s3.glbimg.com\/v1\/AUTH_59edd422c0c84a879bd37670ae4f538a\/internal_photos\/bs\/2025\/n\/w\/1Y8rdlRDuKHVAYZWTAlQ\/padrao-imagem-g1-36-.png\" alt=\"Pai e filho s\u00e3o presos com mais de 1 mil litros de combust\u00edvel desviado do Terminal de Petr\u00f3leo em Teresina \u2014 Foto: Reprodu\u00e7\u00e3o\"\/><figcaption class=\"wp-element-caption\">Pai e filho s\u00e3o presos com mais de 1 mil litros de combust\u00edvel desviado do Terminal de Petr\u00f3leo em Teresina \u2014 Foto: Reprodu\u00e7\u00e3o<\/figcaption><\/figure>\n\n\n\n<p><strong>Fonte: G1 PI<\/strong><\/p>\n","protected":false},"excerpt":{"rendered":"<p>Pai e filho foram presos nesta quinta-feira (26)\u00a0suspeitos de desviarem combust\u00edvel do Terminal de Petr\u00f3leo de Teresina, na Zona Sudeste da capital. A Pol\u00edcia Civil deu cumprimento tamb\u00e9m a um mando de busca e apreens\u00e3o no bairro S\u00e3o Jo\u00e3o, resultando na\u00a0recupera\u00e7\u00e3o de 1100 litros combust\u00edvel distribu\u00eddos em 55 gal\u00f5es. Segundo o delegado Thales Gomes, diretor [&hellip;]<\/p>\n","protected":false},"author":4,"featured_media":64586,"comment_status":"open","ping_status":"open","sticky":false,"template":"","format":"standard","meta":{"beyondwords_generate_audio":"1","beyondwords_project_id":"","beyondwords_podcast_id":"","beyondwords_hash":"","beyondwords_error_message":"","beyondwords_disabled":"","publish_post_to_speechkit":"","speechkit_generate_audio":"","speechkit_project_id":"","speechkit_podcast_id":"","speechkit_hash":"","speechkit_error_message":"","speechkit_disabled":"","speechkit_access_key":"","speechkit_error":"","speechkit_info":"","speechkit_response":"","speechkit_retries":"","_speechkit_link":"","_speechkit_text":""},"categories":[51,78,81],"tags":[449,44,12697,289,9278,76,109,290,7753,52,600,362,7736],"jetpack_featured_media_url":"https:\/\/pinews.com.br\/wp-content\/uploads\/2025\/06\/mapa-g1-prisao-em-flagrante.jpeg","_links":{"self":[{"href":"https:\/\/pinews.com.br\/index.php\/wp-json\/wp\/v2\/posts\/64585"}],"collection":[{"href":"https:\/\/pinews.com.br\/index.php\/wp-json\/wp\/v2\/posts"}],"about":[{"href":"https:\/\/pinews.com.br\/index.php\/wp-json\/wp\/v2\/types\/post"}],"author":[{"embeddable":true,"href":"https:\/\/pinews.com.br\/index.php\/wp-json\/wp\/v2\/users\/4"}],"replies":[{"embeddable":true,"href":"https:\/\/pinews.com.br\/index.php\/wp-json\/wp\/v2\/comments?post=64585"}],"version-history":[{"count":1,"href":"https:\/\/pinews.com.br\/index.php\/wp-json\/wp\/v2\/posts\/64585\/revisions"}],"predecessor-version":[{"id":64587,"href":"https:\/\/pinews.com.br\/index.php\/wp-json\/wp\/v2\/posts\/64585\/revisions\/64587"}],"wp:featuredmedia":[{"embeddable":true,"href":"https:\/\/pinews.com.br\/index.php\/wp-json\/wp\/v2\/media\/64586"}],"wp:attachment":[{"href":"https:\/\/pinews.com.br\/index.php\/wp-json\/wp\/v2\/media?parent=64585"}],"wp:term":[{"taxonomy":"category","embeddable":true,"href":"https:\/\/pinews.com.br\/index.php\/wp-json\/wp\/v2\/categories?post=64585"},{"taxonomy":"post_tag","embeddable":true,"href":"https:\/\/pinews.com.br\/index.php\/wp-json\/wp\/v2\/tags?post=64585"}],"curies":[{"name":"wp","href":"https:\/\/api.w.org\/{rel}","templated":true}]}}