{"id":64592,"date":"2025-06-27T19:24:15","date_gmt":"2025-06-27T22:24:15","guid":{"rendered":"https:\/\/pinews.com.br\/?p=64592"},"modified":"2025-06-27T19:24:18","modified_gmt":"2025-06-27T22:24:18","slug":"contas-de-luz-permanecem-com-bandeira-tarifaria-vermelha-em-julho","status":"publish","type":"post","link":"https:\/\/pinews.com.br\/index.php\/2025\/06\/27\/contas-de-luz-permanecem-com-bandeira-tarifaria-vermelha-em-julho\/","title":{"rendered":"Contas de luz permanecem com bandeira tarif\u00e1ria vermelha em julho"},"content":{"rendered":"\n<p>A bandeira tarif\u00e1ria para o m\u00eas de julho permanece vermelha patamar 1, a\u00a0mesma sinaliza\u00e7\u00e3o que ocorreu em junho. Com isso, as contas de energia el\u00e9trica continuar\u00e3o recebendo adicional de R$ 4,46 para cada 100 quilowatts-hora (kWh) consumidos.<br><br>Segundo a Ag\u00eancia Nacional de Energia El\u00e9trica (Aneel),\u00a0a continuidade do cen\u00e1rio de chuvas abaixo da m\u00e9dia em todo o pa\u00eds reduz a gera\u00e7\u00e3o de energia por hidrel\u00e9tricas.\u00a0<img decoding=\"async\" src=\"https:\/\/agenciabrasil.ebc.com.br\/ebc.png?id=1648713&amp;o=node\"><img decoding=\"async\" src=\"https:\/\/agenciabrasil.ebc.com.br\/ebc.gif?id=1648713&amp;o=node\"><\/p>\n\n\n\n<blockquote class=\"wp-block-quote\">\n<p>\u201cEsse quadro tende a elevar os custos de gera\u00e7\u00e3o de energia, devido \u00e0 necessidade de acionamento de fontes mais onerosas para gera\u00e7\u00e3o, como as usinas termel\u00e9tricas\u201d, explicou a Ag\u00eancia, em nota.<br>Bandeiras<\/p>\n<\/blockquote>\n\n\n\n<h2>Bandeiras Tarif\u00e1rias<\/h2>\n\n\n\n<p>Criado em 2015 pela Aneel, o sistema de bandeiras tarif\u00e1rias reflete os custos vari\u00e1veis da gera\u00e7\u00e3o de energia el\u00e9trica.\u00a0Divididas em n\u00edveis, as bandeiras indicam quanto est\u00e1 custando para o Sistema Interligado Nacional (SIN) gerar a energia\u00a0usada nas resid\u00eancias, em estabelecimentos comerciais e nas ind\u00fastrias.\u00a0<\/p>\n\n\n\n<p>Quando a conta de luz \u00e9 calculada pela bandeira verde, n\u00e3o h\u00e1 nenhum acr\u00e9scimo. Quando s\u00e3o aplicadas as bandeiras vermelha ou amarela, a conta sofre acr\u00e9scimos a cada 100 quilowatts-hora (kWh) consumidos.<\/p>\n\n\n\n<blockquote class=\"wp-block-quote\">\n<p>\u201cCom o acionamento da bandeira vermelha patamar 1, a Aneel refor\u00e7a a import\u00e2ncia da conscientiza\u00e7\u00e3o e do uso respons\u00e1vel da energia el\u00e9trica. A economia de energia tamb\u00e9m contribui para a preserva\u00e7\u00e3o dos recursos naturais e para a sustentabilidade do setor el\u00e9trico como um todo\u201d, diz a Aneel.&nbsp;<\/p>\n<\/blockquote>\n\n\n\n<p><strong>Fonte: Ag\u00eancia Brasil <\/strong><\/p>\n","protected":false},"excerpt":{"rendered":"<p>A bandeira tarif\u00e1ria para o m\u00eas de julho permanece vermelha patamar 1, a\u00a0mesma sinaliza\u00e7\u00e3o que ocorreu em junho. Com isso, as contas de energia el\u00e9trica continuar\u00e3o recebendo adicional de R$ 4,46 para cada 100 quilowatts-hora (kWh) consumidos. Segundo a Ag\u00eancia Nacional de Energia El\u00e9trica (Aneel),\u00a0a continuidade do cen\u00e1rio de chuvas abaixo da m\u00e9dia em todo [&hellip;]<\/p>\n","protected":false},"author":4,"featured_media":64593,"comment_status":"open","ping_status":"open","sticky":false,"template":"","format":"standard","meta":{"beyondwords_generate_audio":"1","beyondwords_project_id":"","beyondwords_podcast_id":"","beyondwords_hash":"","beyondwords_error_message":"","beyondwords_disabled":"","publish_post_to_speechkit":"","speechkit_generate_audio":"","speechkit_project_id":"","speechkit_podcast_id":"","speechkit_hash":"","speechkit_error_message":"","speechkit_disabled":"","speechkit_access_key":"","speechkit_error":"","speechkit_info":"","speechkit_response":"","speechkit_retries":"","_speechkit_link":"","_speechkit_text":""},"categories":[516,134],"tags":[7401,641,44,46,6543,5792,12698,8436,8207],"jetpack_featured_media_url":"https:\/\/pinews.com.br\/wp-content\/uploads\/2025\/06\/1016075-28042016-capa-img_1454a-.webp","_links":{"self":[{"href":"https:\/\/pinews.com.br\/index.php\/wp-json\/wp\/v2\/posts\/64592"}],"collection":[{"href":"https:\/\/pinews.com.br\/index.php\/wp-json\/wp\/v2\/posts"}],"about":[{"href":"https:\/\/pinews.com.br\/index.php\/wp-json\/wp\/v2\/types\/post"}],"author":[{"embeddable":true,"href":"https:\/\/pinews.com.br\/index.php\/wp-json\/wp\/v2\/users\/4"}],"replies":[{"embeddable":true,"href":"https:\/\/pinews.com.br\/index.php\/wp-json\/wp\/v2\/comments?post=64592"}],"version-history":[{"count":1,"href":"https:\/\/pinews.com.br\/index.php\/wp-json\/wp\/v2\/posts\/64592\/revisions"}],"predecessor-version":[{"id":64594,"href":"https:\/\/pinews.com.br\/index.php\/wp-json\/wp\/v2\/posts\/64592\/revisions\/64594"}],"wp:featuredmedia":[{"embeddable":true,"href":"https:\/\/pinews.com.br\/index.php\/wp-json\/wp\/v2\/media\/64593"}],"wp:attachment":[{"href":"https:\/\/pinews.com.br\/index.php\/wp-json\/wp\/v2\/media?parent=64592"}],"wp:term":[{"taxonomy":"category","embeddable":true,"href":"https:\/\/pinews.com.br\/index.php\/wp-json\/wp\/v2\/categories?post=64592"},{"taxonomy":"post_tag","embeddable":true,"href":"https:\/\/pinews.com.br\/index.php\/wp-json\/wp\/v2\/tags?post=64592"}],"curies":[{"name":"wp","href":"https:\/\/api.w.org\/{rel}","templated":true}]}}