{"id":64813,"date":"2025-07-22T13:05:09","date_gmt":"2025-07-22T16:05:09","guid":{"rendered":"https:\/\/pinews.com.br\/?p=64813"},"modified":"2025-07-22T13:05:12","modified_gmt":"2025-07-22T16:05:12","slug":"jovem-e-encontrada-morta-em-apartamento-no-piaui","status":"publish","type":"post","link":"https:\/\/pinews.com.br\/index.php\/2025\/07\/22\/jovem-e-encontrada-morta-em-apartamento-no-piaui\/","title":{"rendered":"Jovem \u00e9 encontrada morta em apartamento no Piau\u00ed"},"content":{"rendered":"\n<p>Uma jovem chamada\u00a0Tain\u00e1 da Silva Sousa, de 22 anos, foi encontrada morta, na noite de segunda-feira (21), em um apartamento no residencial Torquato Neto, Zona Sul de\u00a0Teresina. A Pol\u00edcia Civil investiga se a morte dela foi provocada por a\u00e7\u00e3o criminosa ou causada por suic\u00eddio.<\/p>\n\n\n\n<p>Segundo o delegado Francisco Costa, o Bar\u00eatta, coordenador do Departamento de Homic\u00eddio e Prote\u00e7\u00e3o \u00e0 Pessoa (DHPP), a ocorr\u00eancia foi inicialmente tratada como suic\u00eddio, mas o perito criminal ficou em d\u00favida quanto \u00e0 natureza da morte.<\/p>\n\n\n\n<blockquote class=\"wp-block-quote\">\n<p>&#8220;\u00c9 uma morte a esclarecer. Vamos aguardar o laudo necrosc\u00f3pico (feito no cad\u00e1ver), que ser\u00e1 expedido pelo Instituto de Medicina Legal&#8221;, disse o coordenador.<\/p>\n<\/blockquote>\n\n\n\n<p>A TV Clube apurou que havia poss\u00edveis marcas de agress\u00e3o no corpo da jovem. O coronel Jacks Galv\u00e3o, chefe do Departamento Geral de Opera\u00e7\u00f5es (DGO), afirmou que ela teria supostamente feito uso de alguns rem\u00e9dios antes de morrer.<\/p>\n\n\n\n<p>Vizinhos tamb\u00e9m relataram que ela foi vista ingerindo bebidas alco\u00f3licas ao lado de um homem, que deixou o local antes de a pol\u00edcia chegar. O caso continua sob investiga\u00e7\u00e3o do DHPP.<\/p>\n\n\n\n<p><strong>Fonte: G1 PI<\/strong><\/p>\n","protected":false},"excerpt":{"rendered":"<p>Uma jovem chamada\u00a0Tain\u00e1 da Silva Sousa, de 22 anos, foi encontrada morta, na noite de segunda-feira (21), em um apartamento no residencial Torquato Neto, Zona Sul de\u00a0Teresina. A Pol\u00edcia Civil investiga se a morte dela foi provocada por a\u00e7\u00e3o criminosa ou causada por suic\u00eddio. Segundo o delegado Francisco Costa, o Bar\u00eatta, coordenador do Departamento de [&hellip;]<\/p>\n","protected":false},"author":4,"featured_media":64814,"comment_status":"open","ping_status":"open","sticky":false,"template":"","format":"standard","meta":{"beyondwords_generate_audio":"1","beyondwords_project_id":"","beyondwords_podcast_id":"","beyondwords_hash":"","beyondwords_error_message":"","beyondwords_disabled":"","publish_post_to_speechkit":"","speechkit_generate_audio":"","speechkit_project_id":"","speechkit_podcast_id":"","speechkit_hash":"","speechkit_error_message":"","speechkit_disabled":"","speechkit_access_key":"","speechkit_error":"","speechkit_info":"","speechkit_response":"","speechkit_retries":"","_speechkit_link":"","_speechkit_text":""},"categories":[51,78,81],"tags":[925,72,46,471,266,481,52],"jetpack_featured_media_url":"https:\/\/pinews.com.br\/wp-content\/uploads\/2025\/07\/jovemencontradazonasul.jpg","_links":{"self":[{"href":"https:\/\/pinews.com.br\/index.php\/wp-json\/wp\/v2\/posts\/64813"}],"collection":[{"href":"https:\/\/pinews.com.br\/index.php\/wp-json\/wp\/v2\/posts"}],"about":[{"href":"https:\/\/pinews.com.br\/index.php\/wp-json\/wp\/v2\/types\/post"}],"author":[{"embeddable":true,"href":"https:\/\/pinews.com.br\/index.php\/wp-json\/wp\/v2\/users\/4"}],"replies":[{"embeddable":true,"href":"https:\/\/pinews.com.br\/index.php\/wp-json\/wp\/v2\/comments?post=64813"}],"version-history":[{"count":1,"href":"https:\/\/pinews.com.br\/index.php\/wp-json\/wp\/v2\/posts\/64813\/revisions"}],"predecessor-version":[{"id":64815,"href":"https:\/\/pinews.com.br\/index.php\/wp-json\/wp\/v2\/posts\/64813\/revisions\/64815"}],"wp:featuredmedia":[{"embeddable":true,"href":"https:\/\/pinews.com.br\/index.php\/wp-json\/wp\/v2\/media\/64814"}],"wp:attachment":[{"href":"https:\/\/pinews.com.br\/index.php\/wp-json\/wp\/v2\/media?parent=64813"}],"wp:term":[{"taxonomy":"category","embeddable":true,"href":"https:\/\/pinews.com.br\/index.php\/wp-json\/wp\/v2\/categories?post=64813"},{"taxonomy":"post_tag","embeddable":true,"href":"https:\/\/pinews.com.br\/index.php\/wp-json\/wp\/v2\/tags?post=64813"}],"curies":[{"name":"wp","href":"https:\/\/api.w.org\/{rel}","templated":true}]}}