{"id":64876,"date":"2025-07-27T20:52:34","date_gmt":"2025-07-27T23:52:34","guid":{"rendered":"https:\/\/pinews.com.br\/?p=64876"},"modified":"2025-07-27T20:52:38","modified_gmt":"2025-07-27T23:52:38","slug":"homem-tem-mao-decepada-durante-briga-no-norte-do-piaui","status":"publish","type":"post","link":"https:\/\/pinews.com.br\/index.php\/2025\/07\/27\/homem-tem-mao-decepada-durante-briga-no-norte-do-piaui\/","title":{"rendered":"Homem tem m\u00e3o decepada durante briga no Norte do Piau\u00ed"},"content":{"rendered":"\n<p>Um homem chamado\u00a0Sanclei Pereira de Oliveira, de 45 anos,\u00a0foi esfaqueado na manh\u00e3 deste domingo (27), e teve uma das m\u00e3os decepada,\u00a0durante uma discuss\u00e3o na cidade de\u00a0Campo Maior, a cerca de 80 km de Teresina.<\/p>\n\n\n\n<p>Segundo o sargento Hagson, do 15\u00ba Batalh\u00e3o da Pol\u00edcia Militar (15\u00ba BPM), que esteve no local, a v\u00edtima foi atingida por golpes de fac\u00e3o nos dois pulsos e rosto. Uma das m\u00e3os foi totalmente decepada.<\/p>\n\n\n\n<blockquote class=\"wp-block-quote\">\n<p>&#8221; A outra m\u00e3o tamb\u00e9m, acredito eu que se defendendo dos golpes de fac\u00e3o, ficou bem lesionada, na regi\u00e3o dos pulsos. O rosto dele tamb\u00e9m foi atingido&#8221;, iniciou o sargento.<\/p>\n<\/blockquote>\n\n\n\n<p>Ao\u00a0g1, o tenente Cunha, tamb\u00e9m do 15\u00ba BPM, detalhou que Sanclei \u00e9 conhecido na cidade pela pr\u00e1tica de furtos e que j\u00e1 foi atacado outras vezes por moradores que afirmam ter sido v\u00edtimas de seus supostos crimes.<\/p>\n\n\n\n<p>&#8220;Ele foi v\u00edtima no mesmo bairro dias atr\u00e1s, e nem registrou boletim de ocorr\u00eancia. V\u00edtima de arma branca, mas n\u00e3o quis dizer quem teria o cortado&#8221;, disse o tenente.<\/p>\n\n\n\n<p>Ainda conforme o policial, n\u00e3o \u00e9 poss\u00edvel afirmar que o autor do ataque deste domingo (27) seja o mesmo dos ataques anteriores.<\/p>\n\n\n\n<p>O homem foi socorrido e encaminhado para o Hospital Regional de Campo Maior em estado grave. Ele n\u00e3o apresenta risco de morte, segundo a Pol\u00edcia Militar.<\/p>\n\n\n\n<p>As pol\u00edcias militar e civil seguem em buscas do autor do crime.<\/p>\n\n\n\n<h2>Segundo caso em tr\u00eas semanas na cidade<\/h2>\n\n\n\n<p>Um homem chamado&nbsp;<strong>Cirilo dos Santos Ara\u00fajo<\/strong>, de 36 anos, teve a m\u00e3o decepada por um golpe de fac\u00e3o ap\u00f3s uma briga no dia 8 de julho de 2025, na localidade Bebedouro, zona rural de Campo Maior. O suspeito do crime foi identificado como Francisco Rodrigues da Silva Filho.<\/p>\n\n\n\n<p>Segundo o tenente Cunha, do 15\u00ba BPM, v\u00edtima e suspeito possuem um desentendimento antigo, relacionado a um terreno.<\/p>\n\n\n\n<p>&#8220;Eu conversei com a v\u00edtima, que me falou que essa briga \u00e9 antiga. O problema \u00e9 uma cerca que entrou no terreno [dele], mas a Justi\u00e7a deu parecer favor\u00e1vel ao outro, ao pai do suspeito. Esse pai, o filho [suspeito] e a v\u00edtima se encontraram na cancela da propriedade e come\u00e7aram a discutir os tr\u00eas&#8221;, contou.<\/p>\n\n\n\n<p>Durante a discuss\u00e3o, o suspeito teria puxado um fac\u00e3o e direcionado \u00e0 v\u00edtima, que tentou se defender.<\/p>\n\n\n\n<p>&#8220;Ele, para se defender, colocou a m\u00e3o no meio. [O fac\u00e3o] atingiu a junta da m\u00e3o. Quando a m\u00e3o caiu, o acusado fugiu&#8221;, completou o tenente.<\/p>\n\n\n\n<p>Uma enfermeira do Hospital Regional de Campo Maior, para onde a v\u00edtima se dirigiu ap\u00f3s o ocorrido, foi quem acionou a Pol\u00edcia Militar.<\/p>\n\n\n\n<p><strong>Fonte: G1 PI<\/strong><\/p>\n","protected":false},"excerpt":{"rendered":"<p>Um homem chamado\u00a0Sanclei Pereira de Oliveira, de 45 anos,\u00a0foi esfaqueado na manh\u00e3 deste domingo (27), e teve uma das m\u00e3os decepada,\u00a0durante uma discuss\u00e3o na cidade de\u00a0Campo Maior, a cerca de 80 km de Teresina. Segundo o sargento Hagson, do 15\u00ba Batalh\u00e3o da Pol\u00edcia Militar (15\u00ba BPM), que esteve no local, a v\u00edtima foi atingida por [&hellip;]<\/p>\n","protected":false},"author":4,"featured_media":64877,"comment_status":"open","ping_status":"open","sticky":false,"template":"","format":"standard","meta":{"beyondwords_generate_audio":"1","beyondwords_project_id":"","beyondwords_podcast_id":"","beyondwords_hash":"","beyondwords_error_message":"","beyondwords_disabled":"","publish_post_to_speechkit":"","speechkit_generate_audio":"","speechkit_project_id":"","speechkit_podcast_id":"","speechkit_hash":"","speechkit_error_message":"","speechkit_disabled":"","speechkit_access_key":"","speechkit_error":"","speechkit_info":"","speechkit_response":"","speechkit_retries":"","_speechkit_link":"","_speechkit_text":""},"categories":[51,78],"tags":[251,7414,45,84,5786,337,52,60],"jetpack_featured_media_url":"https:\/\/pinews.com.br\/wp-content\/uploads\/2025\/07\/whats-app-image-2023-10-19-at-08-51-24-9f0ba5dfca.jpeg","_links":{"self":[{"href":"https:\/\/pinews.com.br\/index.php\/wp-json\/wp\/v2\/posts\/64876"}],"collection":[{"href":"https:\/\/pinews.com.br\/index.php\/wp-json\/wp\/v2\/posts"}],"about":[{"href":"https:\/\/pinews.com.br\/index.php\/wp-json\/wp\/v2\/types\/post"}],"author":[{"embeddable":true,"href":"https:\/\/pinews.com.br\/index.php\/wp-json\/wp\/v2\/users\/4"}],"replies":[{"embeddable":true,"href":"https:\/\/pinews.com.br\/index.php\/wp-json\/wp\/v2\/comments?post=64876"}],"version-history":[{"count":1,"href":"https:\/\/pinews.com.br\/index.php\/wp-json\/wp\/v2\/posts\/64876\/revisions"}],"predecessor-version":[{"id":64878,"href":"https:\/\/pinews.com.br\/index.php\/wp-json\/wp\/v2\/posts\/64876\/revisions\/64878"}],"wp:featuredmedia":[{"embeddable":true,"href":"https:\/\/pinews.com.br\/index.php\/wp-json\/wp\/v2\/media\/64877"}],"wp:attachment":[{"href":"https:\/\/pinews.com.br\/index.php\/wp-json\/wp\/v2\/media?parent=64876"}],"wp:term":[{"taxonomy":"category","embeddable":true,"href":"https:\/\/pinews.com.br\/index.php\/wp-json\/wp\/v2\/categories?post=64876"},{"taxonomy":"post_tag","embeddable":true,"href":"https:\/\/pinews.com.br\/index.php\/wp-json\/wp\/v2\/tags?post=64876"}],"curies":[{"name":"wp","href":"https:\/\/api.w.org\/{rel}","templated":true}]}}