{"id":65174,"date":"2025-09-06T21:07:16","date_gmt":"2025-09-07T00:07:16","guid":{"rendered":"https:\/\/pinews.com.br\/?p=65174"},"modified":"2025-09-06T21:07:19","modified_gmt":"2025-09-07T00:07:19","slug":"homem-e-morto-a-facadas-na-frente-do-filho-em-paulistana-suspeito-e-preso-horas-depois","status":"publish","type":"post","link":"https:\/\/pinews.com.br\/index.php\/2025\/09\/06\/homem-e-morto-a-facadas-na-frente-do-filho-em-paulistana-suspeito-e-preso-horas-depois\/","title":{"rendered":"Homem \u00e9 morto a facadas na frente do filho em Paulistana; suspeito \u00e9 preso horas depois"},"content":{"rendered":"\n<p>Um homem de 50 anos foi morto a facadas na noite de sexta-feira (5) em\u00a0Paulistana, no Sul do Piau\u00ed. A v\u00edtima estava acompanhada do filho menor de idade no momento do ataque. O homem apontado como autor do crime foi preso na madrugada deste s\u00e1bado (6).<\/p>\n\n\n\n<p>O crime aconteceu por volta das 18h, em frente \u00e0 casa da m\u00e3e do suspeito, no bairro Cohab. Segundo a Pol\u00edcia Militar do Piau\u00ed (PMPI), a v\u00edtima chegou a ser socorrida, mas morreu no Hospital Regional de Paulistana.<\/p>\n\n\n\n<p>Um homem de 35 anos, conhecido como &#8220;Ceguinho da Cohab&#8221;, \u00e9 apontado como autor do crime. Conforme a PM, ele fugiu logo ap\u00f3s o homic\u00eddio e foi localizado horas depois pela For\u00e7a T\u00e1tica do 20\u00b0 Batalh\u00e3o escondido em uma \u00e1rea de mata entre os bairros Cohab e Sertanejo.<\/p>\n\n\n\n<p>Os policiais montaram uma campana pr\u00f3xima \u00e0 casa dele, que durou cerca de sete horas e meia. Por volta de 1h40 da madrugada, ele apareceu tentando entrar na resid\u00eancia para beber \u00e1gua. Ao perceber o cerco policial, tentou fugir pulando para uma casa vizinha em constru\u00e7\u00e3o, mas foi preso.<\/p>\n\n\n\n<p>A PM informou que o suspeito entregou a faca usada no crime. A arma estava escondida atr\u00e1s do fog\u00e3o. O homem foi encaminhado para a Delegacia Seccional de Paulistana, onde foi autuado por homic\u00eddio simples.<\/p>\n\n\n\n<p>Ele dever\u00e1 passar por audi\u00eancia de cust\u00f3dia em breve para determinar se permanecer\u00e1 preso ou se poder\u00e1 responder pelo crime em liberdade. A motiva\u00e7\u00e3o ainda \u00e9 desconhecida e o caso ser\u00e1 investigado pela Pol\u00edcia Civil do Piau\u00ed.<\/p>\n\n\n\n<p><strong>Fonte: G1 PI<\/strong><\/p>\n","protected":false},"excerpt":{"rendered":"<p>Um homem de 50 anos foi morto a facadas na noite de sexta-feira (5) em\u00a0Paulistana, no Sul do Piau\u00ed. A v\u00edtima estava acompanhada do filho menor de idade no momento do ataque. O homem apontado como autor do crime foi preso na madrugada deste s\u00e1bado (6). O crime aconteceu por volta das 18h, em frente [&hellip;]<\/p>\n","protected":false},"author":4,"featured_media":65175,"comment_status":"open","ping_status":"open","sticky":false,"template":"","format":"standard","meta":{"beyondwords_generate_audio":"1","beyondwords_project_id":"","beyondwords_podcast_id":"","beyondwords_hash":"","beyondwords_error_message":"","beyondwords_disabled":"","publish_post_to_speechkit":"","speechkit_generate_audio":"","speechkit_project_id":"","speechkit_podcast_id":"","speechkit_hash":"","speechkit_error_message":"","speechkit_disabled":"","speechkit_access_key":"","speechkit_error":"","speechkit_info":"","speechkit_response":"","speechkit_retries":"","_speechkit_link":"","_speechkit_text":""},"categories":[12089,51,78],"tags":[830,72,46,479,289,480,84,5344,197,91,276,79,130],"jetpack_featured_media_url":"https:\/\/pinews.com.br\/wp-content\/uploads\/2025\/09\/padrao-imagem-g1-1-.jpeg","_links":{"self":[{"href":"https:\/\/pinews.com.br\/index.php\/wp-json\/wp\/v2\/posts\/65174"}],"collection":[{"href":"https:\/\/pinews.com.br\/index.php\/wp-json\/wp\/v2\/posts"}],"about":[{"href":"https:\/\/pinews.com.br\/index.php\/wp-json\/wp\/v2\/types\/post"}],"author":[{"embeddable":true,"href":"https:\/\/pinews.com.br\/index.php\/wp-json\/wp\/v2\/users\/4"}],"replies":[{"embeddable":true,"href":"https:\/\/pinews.com.br\/index.php\/wp-json\/wp\/v2\/comments?post=65174"}],"version-history":[{"count":1,"href":"https:\/\/pinews.com.br\/index.php\/wp-json\/wp\/v2\/posts\/65174\/revisions"}],"predecessor-version":[{"id":65176,"href":"https:\/\/pinews.com.br\/index.php\/wp-json\/wp\/v2\/posts\/65174\/revisions\/65176"}],"wp:featuredmedia":[{"embeddable":true,"href":"https:\/\/pinews.com.br\/index.php\/wp-json\/wp\/v2\/media\/65175"}],"wp:attachment":[{"href":"https:\/\/pinews.com.br\/index.php\/wp-json\/wp\/v2\/media?parent=65174"}],"wp:term":[{"taxonomy":"category","embeddable":true,"href":"https:\/\/pinews.com.br\/index.php\/wp-json\/wp\/v2\/categories?post=65174"},{"taxonomy":"post_tag","embeddable":true,"href":"https:\/\/pinews.com.br\/index.php\/wp-json\/wp\/v2\/tags?post=65174"}],"curies":[{"name":"wp","href":"https:\/\/api.w.org\/{rel}","templated":true}]}}