{"id":65202,"date":"2025-09-10T20:53:16","date_gmt":"2025-09-10T23:53:16","guid":{"rendered":"https:\/\/pinews.com.br\/?p=65202"},"modified":"2025-09-10T20:53:21","modified_gmt":"2025-09-10T23:53:21","slug":"vaqueiro-morre-apos-cair-de-cavalo-no-piaui","status":"publish","type":"post","link":"https:\/\/pinews.com.br\/index.php\/2025\/09\/10\/vaqueiro-morre-apos-cair-de-cavalo-no-piaui\/","title":{"rendered":"Vaqueiro morre ap\u00f3s cair de cavalo no Piau\u00ed"},"content":{"rendered":"\n<p>O vaqueiro Francisco Gustavo da Silva Bandeira, 26 anos, morreu ao cair de um cavalo na manh\u00e3 desta ter\u00e7a-feira (10), na Fazenda Tabuleiro, na zona rural de Campo Maior, a 84 km de Teresina.<\/p>\n\n\n\n<p>De acordo com informa\u00e7\u00f5es premilinares, Francisco Gustavo estava manejando o\u00a0gado\u00a0junto com outros\u00a0vaqueiros\u00a0quando o cavalo em que estava\u00a0atolou\u00a0uma das\u00a0patas\u00a0em uma po\u00e7a de lama, provocando a queda. A v\u00edtima sofreu um ferimento na regi\u00e3o da testa.<\/p>\n\n\n\n<p>O Servi\u00e7o de Atendimento M\u00f3vel de Urg\u00eancia (SAMU) foi acionado, mas apenas constatou o\u00a0\u00f3bito\u00a0ainda no local. As autoridades policiais tamb\u00e9m foram chamadas, e o Instituto M\u00e9dico Legal (IML) fez a remo\u00e7\u00e3o do corpo. O jovem era natural do munic\u00edpio Jatob\u00e1 do Piau\u00ed. A Pol\u00edcia Civil deve investigar o caso.<\/p>\n\n\n\n<p><strong>Fonte: Meio News\/ Com informa\u00e7\u00f5es do\u00a0Campo Maior em Foco<\/strong><\/p>\n","protected":false},"excerpt":{"rendered":"<p>O vaqueiro Francisco Gustavo da Silva Bandeira, 26 anos, morreu ao cair de um cavalo na manh\u00e3 desta ter\u00e7a-feira (10), na Fazenda Tabuleiro, na zona rural de Campo Maior, a 84 km de Teresina. De acordo com informa\u00e7\u00f5es premilinares, Francisco Gustavo estava manejando o\u00a0gado\u00a0junto com outros\u00a0vaqueiros\u00a0quando o cavalo em que estava\u00a0atolou\u00a0uma das\u00a0patas\u00a0em uma po\u00e7a de [&hellip;]<\/p>\n","protected":false},"author":4,"featured_media":65203,"comment_status":"open","ping_status":"open","sticky":false,"template":"","format":"standard","meta":{"beyondwords_generate_audio":"1","beyondwords_project_id":"","beyondwords_podcast_id":"","beyondwords_hash":"","beyondwords_error_message":"","beyondwords_disabled":"","publish_post_to_speechkit":"","speechkit_generate_audio":"","speechkit_project_id":"","speechkit_podcast_id":"","speechkit_hash":"","speechkit_error_message":"","speechkit_disabled":"","speechkit_access_key":"","speechkit_error":"","speechkit_info":"","speechkit_response":"","speechkit_retries":"","_speechkit_link":"","_speechkit_text":""},"categories":[51],"tags":[70,353,302,44,119,52,7453],"jetpack_featured_media_url":"https:\/\/pinews.com.br\/wp-content\/uploads\/2025\/09\/vaqueiro-morre-apos-cair-de-cavalo-na-zona-rural-de-campo-maior-f3173a08-c4af-4178-bba3-ee77f995d845.jpg.webp","_links":{"self":[{"href":"https:\/\/pinews.com.br\/index.php\/wp-json\/wp\/v2\/posts\/65202"}],"collection":[{"href":"https:\/\/pinews.com.br\/index.php\/wp-json\/wp\/v2\/posts"}],"about":[{"href":"https:\/\/pinews.com.br\/index.php\/wp-json\/wp\/v2\/types\/post"}],"author":[{"embeddable":true,"href":"https:\/\/pinews.com.br\/index.php\/wp-json\/wp\/v2\/users\/4"}],"replies":[{"embeddable":true,"href":"https:\/\/pinews.com.br\/index.php\/wp-json\/wp\/v2\/comments?post=65202"}],"version-history":[{"count":1,"href":"https:\/\/pinews.com.br\/index.php\/wp-json\/wp\/v2\/posts\/65202\/revisions"}],"predecessor-version":[{"id":65204,"href":"https:\/\/pinews.com.br\/index.php\/wp-json\/wp\/v2\/posts\/65202\/revisions\/65204"}],"wp:featuredmedia":[{"embeddable":true,"href":"https:\/\/pinews.com.br\/index.php\/wp-json\/wp\/v2\/media\/65203"}],"wp:attachment":[{"href":"https:\/\/pinews.com.br\/index.php\/wp-json\/wp\/v2\/media?parent=65202"}],"wp:term":[{"taxonomy":"category","embeddable":true,"href":"https:\/\/pinews.com.br\/index.php\/wp-json\/wp\/v2\/categories?post=65202"},{"taxonomy":"post_tag","embeddable":true,"href":"https:\/\/pinews.com.br\/index.php\/wp-json\/wp\/v2\/tags?post=65202"}],"curies":[{"name":"wp","href":"https:\/\/api.w.org\/{rel}","templated":true}]}}