{"id":65209,"date":"2025-09-10T21:00:35","date_gmt":"2025-09-11T00:00:35","guid":{"rendered":"https:\/\/pinews.com.br\/?p=65209"},"modified":"2025-09-10T21:00:40","modified_gmt":"2025-09-11T00:00:40","slug":"homem-e-executado-com-varios-tiros-na-cabeca-em-calcada-no-piaui","status":"publish","type":"post","link":"https:\/\/pinews.com.br\/index.php\/2025\/09\/10\/homem-e-executado-com-varios-tiros-na-cabeca-em-calcada-no-piaui\/","title":{"rendered":"Homem \u00e9 executado com v\u00e1rios tiros na cabe\u00e7a em cal\u00e7ada no Piau\u00ed"},"content":{"rendered":"\n<p>Um homem ainda n\u00e3o identificado foi morto a tiros na noite desta quarta-feira (10\/09), no bairro Angelim, localizado na zona sul de Teresina. <\/p>\n\n\n\n<p>Segundo relatos, a v\u00edtima foi atingida por diversos disparos na cabe\u00e7a, caindo j\u00e1 sem vida em uma cal\u00e7ada. Imagens registradas na cena do crime mostram o homem ca\u00eddo e ensanguentado. A pol\u00edcia foi acionada para realizar os primeiros levantamentos.<\/p>\n\n\n\n<p>At\u00e9 o momento, n\u00e3o foram divulgadas informa\u00e7\u00f5es sobre suspeitos ou a motiva\u00e7\u00e3o do assassinato.<\/p>\n\n\n\n<p><strong>Fonte: 180 graus<\/strong><\/p>\n","protected":false},"excerpt":{"rendered":"<p>Um homem ainda n\u00e3o identificado foi morto a tiros na noite desta quarta-feira (10\/09), no bairro Angelim, localizado na zona sul de Teresina. Segundo relatos, a v\u00edtima foi atingida por diversos disparos na cabe\u00e7a, caindo j\u00e1 sem vida em uma cal\u00e7ada. Imagens registradas na cena do crime mostram o homem ca\u00eddo e ensanguentado. A pol\u00edcia [&hellip;]<\/p>\n","protected":false},"author":4,"featured_media":65210,"comment_status":"open","ping_status":"open","sticky":false,"template":"","format":"standard","meta":{"beyondwords_generate_audio":"1","beyondwords_project_id":"","beyondwords_podcast_id":"","beyondwords_hash":"","beyondwords_error_message":"","beyondwords_disabled":"","publish_post_to_speechkit":"","speechkit_generate_audio":"","speechkit_project_id":"","speechkit_podcast_id":"","speechkit_hash":"","speechkit_error_message":"","speechkit_disabled":"","speechkit_access_key":"","speechkit_error":"","speechkit_info":"","speechkit_response":"","speechkit_retries":"","_speechkit_link":"","_speechkit_text":""},"categories":[51,78,81],"tags":[750,469,72,46,491,84,91,52,165,166],"jetpack_featured_media_url":"https:\/\/pinews.com.br\/wp-content\/uploads\/2025\/09\/homem-e-executa-do-com-varios-tiros-na-cabeca-em-calcada-na_-1255796896438045539.jpg","_links":{"self":[{"href":"https:\/\/pinews.com.br\/index.php\/wp-json\/wp\/v2\/posts\/65209"}],"collection":[{"href":"https:\/\/pinews.com.br\/index.php\/wp-json\/wp\/v2\/posts"}],"about":[{"href":"https:\/\/pinews.com.br\/index.php\/wp-json\/wp\/v2\/types\/post"}],"author":[{"embeddable":true,"href":"https:\/\/pinews.com.br\/index.php\/wp-json\/wp\/v2\/users\/4"}],"replies":[{"embeddable":true,"href":"https:\/\/pinews.com.br\/index.php\/wp-json\/wp\/v2\/comments?post=65209"}],"version-history":[{"count":1,"href":"https:\/\/pinews.com.br\/index.php\/wp-json\/wp\/v2\/posts\/65209\/revisions"}],"predecessor-version":[{"id":65211,"href":"https:\/\/pinews.com.br\/index.php\/wp-json\/wp\/v2\/posts\/65209\/revisions\/65211"}],"wp:featuredmedia":[{"embeddable":true,"href":"https:\/\/pinews.com.br\/index.php\/wp-json\/wp\/v2\/media\/65210"}],"wp:attachment":[{"href":"https:\/\/pinews.com.br\/index.php\/wp-json\/wp\/v2\/media?parent=65209"}],"wp:term":[{"taxonomy":"category","embeddable":true,"href":"https:\/\/pinews.com.br\/index.php\/wp-json\/wp\/v2\/categories?post=65209"},{"taxonomy":"post_tag","embeddable":true,"href":"https:\/\/pinews.com.br\/index.php\/wp-json\/wp\/v2\/tags?post=65209"}],"curies":[{"name":"wp","href":"https:\/\/api.w.org\/{rel}","templated":true}]}}